{"id":6092,"date":"2011-02-20T00:00:00","date_gmt":"2011-02-19T22:00:00","guid":{"rendered":"https:\/\/salija.lt\/alytiskius-baldininkus-dirbti-ismoke-reiklus-lietuviai\/"},"modified":"2022-02-21T05:12:12","modified_gmt":"2022-02-21T03:12:12","slug":"alytiskius-baldininkus-dirbti-ismoke-reiklus-lietuviai","status":"publish","type":"post","link":"https:\/\/salija.lt\/lt\/alytiskius-baldininkus-dirbti-ismoke-reiklus-lietuviai\/","title":{"rendered":"Alyti\u0161kius baldininkus dirbti i\u0161mok\u0117 reikl\u016bs lietuviai"},"content":{"rendered":"\n<figure class=\"wp-block-image\"><img decoding=\"async\" src=\"http:\/\/salija.lt\/wp-content\/uploads\/2022\/02\/c2ab754644a9295593e2459390fec129.jpg\" alt=\" title=\"\/><\/figure>\n\n\n\n<p>&nbsp;Prie\u0161 daugiau nei ketverius metus tik prad\u0117jusi mokytis bald\u0173 gamybos UAB \u201eArpolis\u201c \u0161iandien jau mina kelius ir \u012f eksporto rinkas, o nestandartinius baldus, gaminamus pagal kliento vizijas ir pageidavimus, gausiau papildo ir naujos pa\u010dios bendrov\u0117s kolekcijos.<br>Nestandartinius baldus projektuojan\u010dios ir gaminan\u010dios UAB \u201eArpolis\u201c direktorius Paulius \u017demaitis pernai buvo pripa\u017eintas geriausiu \u201eInovatyvaus jaunojo verslininko\u201c kategorijoje.<br>\u201eTas prizas turb\u016bt skirtas avansu\u201c, \u2013 \u0161ypsosi vadovas, paklaustas, k\u0105 konkurso \u201eInovacij\u0173 prizas\u201c organizatoriai atrado bald\u0173 gamyboje.<br>Jis svarsto, kad komisij\u0105 gal\u0117jo sudominti ir \u012fmon\u0117je veikiantys valdymo bei rinkodaros modeliai. Ta\u010diau inovatyviausias bendrov\u0117s projektas dienos \u0161vies\u0105 i\u0161vysti tur\u0117t\u0173 \u0161\u012f m\u0117nes\u012f.<br>\u201eArpolis\u201c kartu su Kauno technologijos universiteto (KTU) mokslininkais kuria vadinam\u0105j\u0105 i\u0161mani\u0105j\u0105 virtuv\u0119, i\u0161 jos specialiai \u012fmontuotu kompiuteriu galima valdyti nam\u0173 ap\u0161vietim\u0105, \u0161ildym\u0105, v\u0117dinim\u0105, u\u017esakyti paslaug\u0173, nar\u0161yti internete ar net \u017ei\u016br\u0117ti filmus.<br>\u201eValdymo produktas sukurtas KTU, mes padedame j\u012f susieti su virtuve, sugalvojome vis\u0105 \u012fmontavimo schem\u0105\u201c, \u2013 pasakoja p. \u017demaitis.<br><br>Virtuv\u0117<br><br>Virtuv\u0117s baldai \u2013 \u201eArpolio\u201c vizitin\u0117 kortel\u0117, jie sudaro did\u017ei\u0105j\u0105 dal\u012f visos gaminamos produkcijos. Ta\u010diau \u0161alia j\u0173, anot vadovo, gaminama ir kit\u0173 bald\u0173 namams.<br>\u201eDa\u017eniausiai viskas prasideda nuo virtuv\u0117s bald\u0173. O prie j\u0173 jau tenka priderinti ir gaminti lovas, spintas, komodas, net duris teko gaminti, kad i\u0161laikytume t\u0105 pat\u012f stili\u0173\u201c, \u2013 sako \u017demaitis.<br>Jis prisimena, kad 2006 m., kai prad\u0117jo versl\u0105, \u017eini\u0173 apie bald\u0173 gamyb\u0105 buvo nedaug. Pirmos nusipirktos stakl\u0117s pasirod\u0117 ma\u017eai ko vertos, pirmi gaminiai \u2013 stendukai prekybos centrui.<br>\u201eVa\u017ein\u0117jau per \u012fmones, pirmus metus mes taip ir mok\u0117m\u0117s gaminti gara\u017ee\u201c, \u2013 sako jis.<br>\u0160iandien \u201eArpolio\u201c komand\u0105 sudaro per 20 darbuotoj\u0173, savo gaminamus baldus \u012fmon\u0117 eksponuoja trijuose bald\u0173 salonuose Vilniuje, Kaune ir Alytuje. Nuo pra\u0117jusi\u0173 met\u0173 vis dr\u0105siau grind\u017eiami keliai ir \u012f eksporto rinkas. Pernai bendrov\u0117s apyvartoje eksporto pajamos sudar\u0117 15%, \u0161iemet tikimasi i\u0161 eksporto u\u017edirbti bent 30%.<br>Lietuvoje pardavimai, anot vadovo, banguoja, \u010dia dar n\u0117ra patikimo srauto, ta\u010diau priva\u010diais klientais bendrov\u0117 d\u017eiaugiasi.<br>\u201eMes per Lietuvos klientus labai i\u0161tobul\u0117jome. Jie yra kur kas reiklesni nei klientai i\u0161 u\u017esienio. Jie nori toki\u0173 nestandartini\u0173 sprendim\u0173, koki\u0173 n\u0117 viena u\u017esienio bendrov\u0117 niekada nesugalvos. Taip, kaip buvo pas kaimyn\u0105, yra gerai, bet jie nori dar geriau ir dar kitaip\u201c, \u2013 sako p. \u017demaitis.<br>Jeigu kas nors u\u017esiman\u0117 lenkt\u0173 faneros kamp\u0173, kokius mat\u0117 sve\u010dios \u0161alies dizaineri\u0173 gamybos salone, bendrov\u0117s komanda \u0117m\u0117 mokytis tokius gaminti. Kitas at\u0117jo nor\u0117damas \u017eurnale ar nuotraukoje matytos virtuv\u0117s, bendrov\u0117 stang\u0117si jam pagaminti pana\u0161i\u0105. Sendinti baldai, pasak \u017demai\u010dio, vienu i\u0161 j\u0173 produkt\u0173 tapo taip pat klient\u0173 iniciatyva.<br><br>Didins efektyvum\u0105<br><br>Ir vis d\u0117lto atrodo, kad augimo ir eksperiment\u0173 mar\u0161kinius \u201eArpolis\u201c jau baigia i\u0161augti. Nors bendrov\u0117s apyvartos nuo pat veiklos prad\u017eios nuosekliai augo, o klient\u0173 bendrov\u0117 sulauk\u0117 net juod\u017eiausiais sunkme\u010dio laikais, rezultatai es\u0105 gal\u0117t\u0173 b\u016bti ir dar geresni.<br>\u201eMes niekada nemok\u0117jome u\u017edirbti pinig\u0173, visada atsiradus naujai id\u0117jai eksperimentuodavome, bandydavome, taip daug ir neverting\u0173 bandym\u0173 atlikta. \u017dinoma, tai buvo smagu, \u012fdomu, buvo toks atradim\u0173 laikas, o dabar jau pradedame ie\u0161koti, kaip gaminti efektyviau\u201c, \u2013 pasakoja p. \u017demaitis.<br>Be pirk\u0117j\u0173 pageidavim\u0173 ir id\u0117j\u0173 \u012fgyvendinimo, bendrov\u0117 jau kuria ir pirk\u0117jams si\u016blo sav\u0173 bald\u0173 kolekcij\u0173. Tai pad\u0117s ir \u0161iek tiek standartizuoti gamyb\u0105, suma\u017einti kain\u0105. \u012e bendrov\u0119 kartu su p. \u017demai\u010diu dirbti ateina ir dar vienas vadovas, kad kitomis akimis i\u0161 \u0161alies pa\u017evelgt\u0173 \u012f \u012fmon\u0117s veikl\u0105 ir pad\u0117t\u0173 \u012fdiegti \u201eToyota\u201c gamybos ma\u017e\u0105j\u0105 praktik\u0105, pad\u0117t\u0173 trumpinti ir efektyvinti gamybos procesus.<br>\u201eKai dirbi 4 metus kiekvien\u0105 dien\u0105 ir manai, kad \u012fmon\u0117je viskas veikia gerai, sveika, kad kas nors kitas pamatyt\u0173, kaip yra, k\u0105 galima pakeisti\u201c, \u2013 \u012fsitikin\u0119s p. \u017demaitis.<br><br>Su parama<br><br>\u012emon\u0117 \u0161iuo metu rengia bald\u0173 pavyzd\u017eius kelionei \u012f \u0160vedij\u0105. Ten jau \u0161i\u0105 savait\u0119 pradeda \u0161urmuliuoti paroda \u201eStockholm Furniture Fair 2011\u201c. Pernai alyti\u0161kiai prisistat\u0117 parodoje \u201eM.O.W.\u201c Vokietijoje.<br>\u201ePo parodos Vokietijoje i\u0161ve\u017e\u0117me dal\u012f bald\u0173 \u012f Danij\u0105, ten ir toliau klostosi bendradarbiavimas. Norvegijoje per lietuvi\u0173 bendrov\u0119 esame \u012freng\u0119 bald\u0173 vie\u0161bu\u010di\u0173 registracijos vietose. Dabar su belgais susitar\u0117me, kad u\u017e kiek ma\u017eesn\u0119 kain\u0105 \u012frengsime du loftus. Juose gyvens vadybininkas, su kuriuo bendraujame, tai bus kartu ir jo darbo vieta. \u0160itaip bandysime pateikti savo produkt\u0105\u201c, \u2013 pasakoja \u201eArpolio\u201c direktorius.<br>Bendrovei s\u0117kmingai sekasi ir Latvijoje, J\u016brmaloje \u201eArpolio\u201c darbuotojai ir dizaineriai savo gaminamais baldais jau \u012freng\u0117 keturis priva\u010dius paj\u016brio koted\u017eus.<br>Ponas \u017demaitis pa\u017eymi, kad keliauti \u012f parodas bendrovei leid\u017eia gauta parama i\u0161 ES strukt\u016brini\u0173 fond\u0173. Pagal priemon\u0119 \u201eNaujos galimyb\u0117s\u201c alyti\u0161kiai gavo daugiau nei 100.000 Lt nauj\u0173 rink\u0173 paie\u0161kai.<br>Tai ne vienintel\u0117 gauta parama. Anks\u010diau i\u0161 l\u0117\u0161\u0173, gaut\u0173 pasinaudojant parama ne\u012fgali\u0173j\u0173 \u012fdarbinimui ir vietinio u\u017eimtumo pl\u0117trai, \u012fmon\u0117 savo laiku nusipirko moderni\u0173 stakli\u0173, kitos reikiamos \u012frangos.<br>\u201eMes netur\u0117tume to, k\u0105 turime, jei neb\u016btume gav\u0119 tos paramos. I\u0161 prad\u017ei\u0173 dar\u0117me per daug klaid\u0173, kad su savo finansiniais i\u0161tekliais b\u016btume pasiek\u0119 tai, k\u0105 turime dabar\u201c, \u2013 tikina p. \u017demaitis.<br>&nbsp;<\/p>\n\n\n\n<p>Informacijos \u0161altinis:&nbsp;<a target=\"_blank\" href=\"http:\/\/www.vz.lt\/\" rel=\"noreferrer noopener\">www.vz.lt&nbsp;<\/a><\/p>\n","protected":false},"excerpt":{"rendered":"<p>&nbsp;Prie\u0161 daugiau nei ketverius metus tik prad\u0117jusi mokytis bald\u0173 gamybos UAB \u201eArpolis\u201c \u0161iandien jau mina kelius ir \u012f eksporto rinkas, o nestandartinius baldus, gaminamus pagal kliento vizijas ir pageidavimus, gausiau papildo ir naujos pa\u010dios bendrov\u0117s kolekcijos.Nestandartinius baldus projektuojan\u010dios ir gaminan\u010dios UAB \u201eArpolis\u201c direktorius Paulius \u017demaitis pernai buvo pripa\u017eintas geriausiu \u201eInovatyvaus jaunojo verslininko\u201c kategorijoje.\u201eTas prizas turb\u016bt [&hellip;]<\/p>\n","protected":false},"author":1,"featured_media":15113,"comment_status":"closed","ping_status":"open","sticky":false,"template":"","format":"standard","meta":{"footnotes":""},"categories":[71],"tags":[],"yoast_head":"<!-- This site is optimized with the Yoast SEO plugin v20.13 - https:\/\/yoast.com\/wordpress\/plugins\/seo\/ -->\n<title>Alyti\u0161kius baldininkus dirbti i\u0161mok\u0117 reikl\u016bs lietuviai - Salija<\/title>\n<meta name=\"description\" content=\"Alyti\u0161kius baldininkus dirbti i\u0161mok\u0117 reikl\u016bs lietuviai\" \/>\n<meta name=\"robots\" content=\"index, follow, max-snippet:-1, max-image-preview:large, max-video-preview:-1\" \/>\n<link rel=\"canonical\" href=\"https:\/\/salija.lt\/lt\/alytiskius-baldininkus-dirbti-ismoke-reiklus-lietuviai\/\" \/>\n<meta property=\"og:locale\" content=\"lt_LT\" \/>\n<meta property=\"og:type\" content=\"article\" \/>\n<meta property=\"og:title\" content=\"Alyti\u0161kius baldininkus dirbti i\u0161mok\u0117 reikl\u016bs lietuviai - Salija\" \/>\n<meta property=\"og:description\" content=\"Alyti\u0161kius baldininkus dirbti i\u0161mok\u0117 reikl\u016bs lietuviai\" \/>\n<meta property=\"og:url\" content=\"https:\/\/salija.lt\/lt\/alytiskius-baldininkus-dirbti-ismoke-reiklus-lietuviai\/\" \/>\n<meta property=\"og:site_name\" content=\"Salija\" \/>\n<meta property=\"article:published_time\" content=\"2011-02-19T22:00:00+00:00\" \/>\n<meta property=\"article:modified_time\" content=\"2022-02-21T03:12:12+00:00\" \/>\n<meta property=\"og:image\" content=\"https:\/\/salija.lt\/wp-content\/uploads\/2022\/02\/c2ab754644a9295593e2459390fec129.jpg\" \/>\n\t<meta property=\"og:image:width\" content=\"165\" \/>\n\t<meta property=\"og:image:height\" content=\"110\" \/>\n\t<meta property=\"og:image:type\" content=\"image\/jpeg\" \/>\n<meta name=\"author\" content=\"admin\" \/>\n<meta name=\"twitter:card\" content=\"summary_large_image\" \/>\n<meta name=\"twitter:label1\" content=\"Written by\" \/>\n\t<meta name=\"twitter:data1\" content=\"admin\" \/>\n\t<meta name=\"twitter:label2\" content=\"Est. reading time\" \/>\n\t<meta name=\"twitter:data2\" content=\"4 minut\u0117s\" \/>\n<script type=\"application\/ld+json\" class=\"yoast-schema-graph\">{\"@context\":\"https:\/\/schema.org\",\"@graph\":[{\"@type\":\"WebPage\",\"@id\":\"https:\/\/salija.lt\/lt\/alytiskius-baldininkus-dirbti-ismoke-reiklus-lietuviai\/\",\"url\":\"https:\/\/salija.lt\/lt\/alytiskius-baldininkus-dirbti-ismoke-reiklus-lietuviai\/\",\"name\":\"Alyti\u0161kius baldininkus dirbti i\u0161mok\u0117 reikl\u016bs lietuviai - Salija\",\"isPartOf\":{\"@id\":\"https:\/\/salija.lt\/lt\/#website\"},\"datePublished\":\"2011-02-19T22:00:00+00:00\",\"dateModified\":\"2022-02-21T03:12:12+00:00\",\"author\":{\"@id\":\"https:\/\/salija.lt\/lt\/#\/schema\/person\/77d27e36be0fd753fa450336d1d261c3\"},\"description\":\"Alyti\u0161kius baldininkus dirbti i\u0161mok\u0117 reikl\u016bs lietuviai\",\"breadcrumb\":{\"@id\":\"https:\/\/salija.lt\/lt\/alytiskius-baldininkus-dirbti-ismoke-reiklus-lietuviai\/#breadcrumb\"},\"inLanguage\":\"lt-LT\",\"potentialAction\":[{\"@type\":\"ReadAction\",\"target\":[\"https:\/\/salija.lt\/lt\/alytiskius-baldininkus-dirbti-ismoke-reiklus-lietuviai\/\"]}]},{\"@type\":\"BreadcrumbList\",\"@id\":\"https:\/\/salija.lt\/lt\/alytiskius-baldininkus-dirbti-ismoke-reiklus-lietuviai\/#breadcrumb\",\"itemListElement\":[{\"@type\":\"ListItem\",\"position\":1,\"name\":\"Home\",\"item\":\"https:\/\/salija.lt\/lt\/\"},{\"@type\":\"ListItem\",\"position\":2,\"name\":\"Alyti\u0161kius baldininkus dirbti i\u0161mok\u0117 reikl\u016bs lietuviai\"}]},{\"@type\":\"WebSite\",\"@id\":\"https:\/\/salija.lt\/lt\/#website\",\"url\":\"https:\/\/salija.lt\/lt\/\",\"name\":\"Salija\",\"description\":\"\",\"potentialAction\":[{\"@type\":\"SearchAction\",\"target\":{\"@type\":\"EntryPoint\",\"urlTemplate\":\"https:\/\/salija.lt\/lt\/?s={search_term_string}\"},\"query-input\":\"required name=search_term_string\"}],\"inLanguage\":\"lt-LT\"},{\"@type\":\"Person\",\"@id\":\"https:\/\/salija.lt\/lt\/#\/schema\/person\/77d27e36be0fd753fa450336d1d261c3\",\"name\":\"admin\",\"image\":{\"@type\":\"ImageObject\",\"inLanguage\":\"lt-LT\",\"@id\":\"https:\/\/salija.lt\/lt\/#\/schema\/person\/image\/\",\"url\":\"https:\/\/secure.gravatar.com\/avatar\/c1c8ab264a34197909a0fa0e7bc88db5?s=96&d=mm&r=g\",\"contentUrl\":\"https:\/\/secure.gravatar.com\/avatar\/c1c8ab264a34197909a0fa0e7bc88db5?s=96&d=mm&r=g\",\"caption\":\"admin\"},\"url\":\"https:\/\/salija.lt\/lt\/author\/admin\/\"}]}<\/script>\n<!-- \/ Yoast SEO plugin. -->","yoast_head_json":{"title":"Alyti\u0161kius baldininkus dirbti i\u0161mok\u0117 reikl\u016bs lietuviai - Salija","description":"Alyti\u0161kius baldininkus dirbti i\u0161mok\u0117 reikl\u016bs lietuviai","robots":{"index":"index","follow":"follow","max-snippet":"max-snippet:-1","max-image-preview":"max-image-preview:large","max-video-preview":"max-video-preview:-1"},"canonical":"https:\/\/salija.lt\/lt\/alytiskius-baldininkus-dirbti-ismoke-reiklus-lietuviai\/","og_locale":"lt_LT","og_type":"article","og_title":"Alyti\u0161kius baldininkus dirbti i\u0161mok\u0117 reikl\u016bs lietuviai - Salija","og_description":"Alyti\u0161kius baldininkus dirbti i\u0161mok\u0117 reikl\u016bs lietuviai","og_url":"https:\/\/salija.lt\/lt\/alytiskius-baldininkus-dirbti-ismoke-reiklus-lietuviai\/","og_site_name":"Salija","article_published_time":"2011-02-19T22:00:00+00:00","article_modified_time":"2022-02-21T03:12:12+00:00","og_image":[{"width":165,"height":110,"url":"https:\/\/salija.lt\/wp-content\/uploads\/2022\/02\/c2ab754644a9295593e2459390fec129.jpg","type":"image\/jpeg"}],"author":"admin","twitter_card":"summary_large_image","twitter_misc":{"Written by":"admin","Est. reading time":"4 minut\u0117s"},"schema":{"@context":"https:\/\/schema.org","@graph":[{"@type":"WebPage","@id":"https:\/\/salija.lt\/lt\/alytiskius-baldininkus-dirbti-ismoke-reiklus-lietuviai\/","url":"https:\/\/salija.lt\/lt\/alytiskius-baldininkus-dirbti-ismoke-reiklus-lietuviai\/","name":"Alyti\u0161kius baldininkus dirbti i\u0161mok\u0117 reikl\u016bs lietuviai - Salija","isPartOf":{"@id":"https:\/\/salija.lt\/lt\/#website"},"datePublished":"2011-02-19T22:00:00+00:00","dateModified":"2022-02-21T03:12:12+00:00","author":{"@id":"https:\/\/salija.lt\/lt\/#\/schema\/person\/77d27e36be0fd753fa450336d1d261c3"},"description":"Alyti\u0161kius baldininkus dirbti i\u0161mok\u0117 reikl\u016bs lietuviai","breadcrumb":{"@id":"https:\/\/salija.lt\/lt\/alytiskius-baldininkus-dirbti-ismoke-reiklus-lietuviai\/#breadcrumb"},"inLanguage":"lt-LT","potentialAction":[{"@type":"ReadAction","target":["https:\/\/salija.lt\/lt\/alytiskius-baldininkus-dirbti-ismoke-reiklus-lietuviai\/"]}]},{"@type":"BreadcrumbList","@id":"https:\/\/salija.lt\/lt\/alytiskius-baldininkus-dirbti-ismoke-reiklus-lietuviai\/#breadcrumb","itemListElement":[{"@type":"ListItem","position":1,"name":"Home","item":"https:\/\/salija.lt\/lt\/"},{"@type":"ListItem","position":2,"name":"Alyti\u0161kius baldininkus dirbti i\u0161mok\u0117 reikl\u016bs lietuviai"}]},{"@type":"WebSite","@id":"https:\/\/salija.lt\/lt\/#website","url":"https:\/\/salija.lt\/lt\/","name":"Salija","description":"","potentialAction":[{"@type":"SearchAction","target":{"@type":"EntryPoint","urlTemplate":"https:\/\/salija.lt\/lt\/?s={search_term_string}"},"query-input":"required name=search_term_string"}],"inLanguage":"lt-LT"},{"@type":"Person","@id":"https:\/\/salija.lt\/lt\/#\/schema\/person\/77d27e36be0fd753fa450336d1d261c3","name":"admin","image":{"@type":"ImageObject","inLanguage":"lt-LT","@id":"https:\/\/salija.lt\/lt\/#\/schema\/person\/image\/","url":"https:\/\/secure.gravatar.com\/avatar\/c1c8ab264a34197909a0fa0e7bc88db5?s=96&d=mm&r=g","contentUrl":"https:\/\/secure.gravatar.com\/avatar\/c1c8ab264a34197909a0fa0e7bc88db5?s=96&d=mm&r=g","caption":"admin"},"url":"https:\/\/salija.lt\/lt\/author\/admin\/"}]}},"_links":{"self":[{"href":"https:\/\/salija.lt\/lt\/wp-json\/wp\/v2\/posts\/6092"}],"collection":[{"href":"https:\/\/salija.lt\/lt\/wp-json\/wp\/v2\/posts"}],"about":[{"href":"https:\/\/salija.lt\/lt\/wp-json\/wp\/v2\/types\/post"}],"author":[{"embeddable":true,"href":"https:\/\/salija.lt\/lt\/wp-json\/wp\/v2\/users\/1"}],"replies":[{"embeddable":true,"href":"https:\/\/salija.lt\/lt\/wp-json\/wp\/v2\/comments?post=6092"}],"version-history":[{"count":2,"href":"https:\/\/salija.lt\/lt\/wp-json\/wp\/v2\/posts\/6092\/revisions"}],"predecessor-version":[{"id":15530,"href":"https:\/\/salija.lt\/lt\/wp-json\/wp\/v2\/posts\/6092\/revisions\/15530"}],"wp:featuredmedia":[{"embeddable":true,"href":"https:\/\/salija.lt\/lt\/wp-json\/wp\/v2\/media\/15113"}],"wp:attachment":[{"href":"https:\/\/salija.lt\/lt\/wp-json\/wp\/v2\/media?parent=6092"}],"wp:term":[{"taxonomy":"category","embeddable":true,"href":"https:\/\/salija.lt\/lt\/wp-json\/wp\/v2\/categories?post=6092"},{"taxonomy":"post_tag","embeddable":true,"href":"https:\/\/salija.lt\/lt\/wp-json\/wp\/v2\/tags?post=6092"}],"curies":[{"name":"wp","href":"https:\/\/api.w.org\/{rel}","templated":true}]}}