{"id":6021,"date":"2010-07-22T00:00:00","date_gmt":"2010-07-21T21:00:00","guid":{"rendered":"https:\/\/salija.lt\/uzsakymu-yra-o-zaliava-keliauja-i-vakarus\/"},"modified":"2022-02-21T05:12:15","modified_gmt":"2022-02-21T03:12:15","slug":"uzsakymu-yra-o-zaliava-keliauja-i-vakarus","status":"publish","type":"post","link":"https:\/\/salija.lt\/lt\/uzsakymu-yra-o-zaliava-keliauja-i-vakarus\/","title":{"rendered":"U\u017esakym\u0173 yra, o \u017ealiava keliauja \u012f Vakarus"},"content":{"rendered":"\n<figure class=\"wp-block-image\"><img decoding=\"async\" src=\"http:\/\/salija.lt\/wp-content\/uploads\/2022\/02\/7662d33490531be82a2dce3f13db998c.jpg\" alt=\" title=\"\/><\/figure>\n\n\n\n<p>Medienos pramon\u0117 . Lietuvos medienos pramon\u0117 pra\u0161o vald\u017eios apsaugos<br>Po 2009 m. u\u017eklupusio sunkme\u010dio atsigaunanti medienos pramon\u0117 tikina galinti stiebtis ir auk\u0161\u010diau, ta\u010diau tam tr\u016bksta \u017ealiav\u0173. Verslininkai nor\u0117t\u0173 apsaugos i\u0161 atsaking\u0173 \u0161alies institucij\u0173, o \u0161ios tikina savos pramon\u0117s i\u0161skirti negalin\u010dios d\u0117l ES taisykli\u0173.Dalis Lietuvos medienos perdirb\u0117j\u0173 po \u0161iemet ur\u0117dij\u0173 skelbt\u0173 apvaliosios medienos pirkimo konkurs\u0173 teigia apsir\u016bpin\u0119 tik 50% reikiamo gamybai \u017ealiavos kiekio. Kai kurie j\u0173 i\u0161lip\u0119 i\u0161 sunkme\u010dio duob\u0117s atrado nauj\u0173 eksporto ni\u0161\u0173 ir gal\u0117t\u0173 gaminti ir parduoti daugiau, tik \u0161tai n\u0117ra i\u0161 ko. Perdirb\u0117jai priversti pirkti \u017ealiav\u0173 i\u0161 Rusijos, Ukrainos ir Baltarusijos, ta\u010diau tai atsieina brangiau, juolab kad ir V\u012e \u201eLietuvos gele\u017einkeliai\u201c \u0161iais metais panaikino apvaliosios medienos ve\u017eimo lengvat\u0105. Kaip V\u017d jau ra\u0161\u0117, UAB \u201eSprusas\u201c, sunkme\u010diu nusprendusi Vakar\u0173 Europos \u0161alis i\u0161keisti \u012f Azijos rinkas,<br>pardavimo pajamas pra\u0117jusias metais i\u0161augino daugiau nei dvigubai. Ta\u010diau 3.000 kub. m medienos per m\u0117nes\u012f perdirbti galinti bendrov\u0117 d\u0117l \u017ealiav\u0173 tr\u016bkumo \u0161iuo metu i\u0161naudoja tik pus\u0117 savo paj\u0117gumo. Vladas Laurinaitis, bendrov\u0117s direktorius, \u012fsitikin\u0119s, kad konkursuose \u0161alies perdirb\u0117jams sunku konkuruoti su so\u010diau ir turtingiau gyvenan\u010diais \u0161vedais, kurie es\u0105 per tarpininkus Lietuvoje u\u017ekelia kainas ir nu\u0161luosto nos\u012f vietiniams. \u201eVisa mediena i\u0161keliauja. O \u010dia t\u016bkstan\u010diai \u017emoni\u0173 lieka be darbo, be pajam\u0173 ir prid\u0117tin\u0117s vert\u0117s\u201c, \u2013 sako<br>jis.<br>&nbsp;<\/p>\n\n\n\n<p>Informacijos \u0161altinis:&nbsp;<a target=\"_blank\" href=\"http:\/\/www.vz.lt\/\" rel=\"noreferrer noopener\">www.vz.lt<\/a><\/p>\n","protected":false},"excerpt":{"rendered":"<p>Medienos pramon\u0117 . Lietuvos medienos pramon\u0117 pra\u0161o vald\u017eios apsaugosPo 2009 m. u\u017eklupusio sunkme\u010dio atsigaunanti medienos pramon\u0117 tikina galinti stiebtis ir auk\u0161\u010diau, ta\u010diau tam tr\u016bksta \u017ealiav\u0173. Verslininkai nor\u0117t\u0173 apsaugos i\u0161 atsaking\u0173 \u0161alies institucij\u0173, o \u0161ios tikina savos pramon\u0117s i\u0161skirti negalin\u010dios d\u0117l ES taisykli\u0173.Dalis Lietuvos medienos perdirb\u0117j\u0173 po \u0161iemet ur\u0117dij\u0173 skelbt\u0173 apvaliosios medienos pirkimo konkurs\u0173 teigia apsir\u016bpin\u0119 [&hellip;]<\/p>\n","protected":false},"author":1,"featured_media":14944,"comment_status":"closed","ping_status":"open","sticky":false,"template":"","format":"standard","meta":{"footnotes":""},"categories":[71],"tags":[],"yoast_head":"<!-- This site is optimized with the Yoast SEO plugin v20.13 - https:\/\/yoast.com\/wordpress\/plugins\/seo\/ -->\n<title>U\u017esakym\u0173 yra, o \u017ealiava keliauja \u012f Vakarus - Salija<\/title>\n<meta name=\"description\" content=\"U\u017esakym\u0173 yra, o \u017ealiava keliauja \u012f Vakarus\" \/>\n<meta name=\"robots\" content=\"index, follow, max-snippet:-1, max-image-preview:large, max-video-preview:-1\" \/>\n<link rel=\"canonical\" href=\"https:\/\/salija.lt\/lt\/uzsakymu-yra-o-zaliava-keliauja-i-vakarus\/\" \/>\n<meta property=\"og:locale\" content=\"lt_LT\" \/>\n<meta property=\"og:type\" content=\"article\" \/>\n<meta property=\"og:title\" content=\"U\u017esakym\u0173 yra, o \u017ealiava keliauja \u012f Vakarus - Salija\" \/>\n<meta property=\"og:description\" content=\"U\u017esakym\u0173 yra, o \u017ealiava keliauja \u012f Vakarus\" \/>\n<meta property=\"og:url\" content=\"https:\/\/salija.lt\/lt\/uzsakymu-yra-o-zaliava-keliauja-i-vakarus\/\" \/>\n<meta property=\"og:site_name\" content=\"Salija\" \/>\n<meta property=\"article:published_time\" content=\"2010-07-21T21:00:00+00:00\" \/>\n<meta property=\"article:modified_time\" content=\"2022-02-21T03:12:15+00:00\" \/>\n<meta property=\"og:image\" content=\"https:\/\/salija.lt\/wp-content\/uploads\/2022\/02\/7662d33490531be82a2dce3f13db998c.jpg\" \/>\n\t<meta property=\"og:image:width\" content=\"165\" \/>\n\t<meta property=\"og:image:height\" content=\"110\" \/>\n\t<meta property=\"og:image:type\" content=\"image\/jpeg\" \/>\n<meta name=\"author\" content=\"admin\" \/>\n<meta name=\"twitter:card\" content=\"summary_large_image\" \/>\n<meta name=\"twitter:label1\" content=\"Written by\" \/>\n\t<meta name=\"twitter:data1\" content=\"admin\" \/>\n\t<meta name=\"twitter:label2\" content=\"Est. reading time\" \/>\n\t<meta name=\"twitter:data2\" content=\"1 minut\u0117\" \/>\n<script type=\"application\/ld+json\" class=\"yoast-schema-graph\">{\"@context\":\"https:\/\/schema.org\",\"@graph\":[{\"@type\":\"WebPage\",\"@id\":\"https:\/\/salija.lt\/lt\/uzsakymu-yra-o-zaliava-keliauja-i-vakarus\/\",\"url\":\"https:\/\/salija.lt\/lt\/uzsakymu-yra-o-zaliava-keliauja-i-vakarus\/\",\"name\":\"U\u017esakym\u0173 yra, o \u017ealiava keliauja \u012f Vakarus - Salija\",\"isPartOf\":{\"@id\":\"https:\/\/salija.lt\/lt\/#website\"},\"datePublished\":\"2010-07-21T21:00:00+00:00\",\"dateModified\":\"2022-02-21T03:12:15+00:00\",\"author\":{\"@id\":\"https:\/\/salija.lt\/lt\/#\/schema\/person\/77d27e36be0fd753fa450336d1d261c3\"},\"description\":\"U\u017esakym\u0173 yra, o \u017ealiava keliauja \u012f Vakarus\",\"breadcrumb\":{\"@id\":\"https:\/\/salija.lt\/lt\/uzsakymu-yra-o-zaliava-keliauja-i-vakarus\/#breadcrumb\"},\"inLanguage\":\"lt-LT\",\"potentialAction\":[{\"@type\":\"ReadAction\",\"target\":[\"https:\/\/salija.lt\/lt\/uzsakymu-yra-o-zaliava-keliauja-i-vakarus\/\"]}]},{\"@type\":\"BreadcrumbList\",\"@id\":\"https:\/\/salija.lt\/lt\/uzsakymu-yra-o-zaliava-keliauja-i-vakarus\/#breadcrumb\",\"itemListElement\":[{\"@type\":\"ListItem\",\"position\":1,\"name\":\"Home\",\"item\":\"https:\/\/salija.lt\/lt\/\"},{\"@type\":\"ListItem\",\"position\":2,\"name\":\"U\u017esakym\u0173 yra, o \u017ealiava keliauja \u012f Vakarus\"}]},{\"@type\":\"WebSite\",\"@id\":\"https:\/\/salija.lt\/lt\/#website\",\"url\":\"https:\/\/salija.lt\/lt\/\",\"name\":\"Salija\",\"description\":\"\",\"potentialAction\":[{\"@type\":\"SearchAction\",\"target\":{\"@type\":\"EntryPoint\",\"urlTemplate\":\"https:\/\/salija.lt\/lt\/?s={search_term_string}\"},\"query-input\":\"required name=search_term_string\"}],\"inLanguage\":\"lt-LT\"},{\"@type\":\"Person\",\"@id\":\"https:\/\/salija.lt\/lt\/#\/schema\/person\/77d27e36be0fd753fa450336d1d261c3\",\"name\":\"admin\",\"image\":{\"@type\":\"ImageObject\",\"inLanguage\":\"lt-LT\",\"@id\":\"https:\/\/salija.lt\/lt\/#\/schema\/person\/image\/\",\"url\":\"https:\/\/secure.gravatar.com\/avatar\/c1c8ab264a34197909a0fa0e7bc88db5?s=96&d=mm&r=g\",\"contentUrl\":\"https:\/\/secure.gravatar.com\/avatar\/c1c8ab264a34197909a0fa0e7bc88db5?s=96&d=mm&r=g\",\"caption\":\"admin\"},\"url\":\"https:\/\/salija.lt\/lt\/author\/admin\/\"}]}<\/script>\n<!-- \/ Yoast SEO plugin. -->","yoast_head_json":{"title":"U\u017esakym\u0173 yra, o \u017ealiava keliauja \u012f Vakarus - Salija","description":"U\u017esakym\u0173 yra, o \u017ealiava keliauja \u012f Vakarus","robots":{"index":"index","follow":"follow","max-snippet":"max-snippet:-1","max-image-preview":"max-image-preview:large","max-video-preview":"max-video-preview:-1"},"canonical":"https:\/\/salija.lt\/lt\/uzsakymu-yra-o-zaliava-keliauja-i-vakarus\/","og_locale":"lt_LT","og_type":"article","og_title":"U\u017esakym\u0173 yra, o \u017ealiava keliauja \u012f Vakarus - Salija","og_description":"U\u017esakym\u0173 yra, o \u017ealiava keliauja \u012f Vakarus","og_url":"https:\/\/salija.lt\/lt\/uzsakymu-yra-o-zaliava-keliauja-i-vakarus\/","og_site_name":"Salija","article_published_time":"2010-07-21T21:00:00+00:00","article_modified_time":"2022-02-21T03:12:15+00:00","og_image":[{"width":165,"height":110,"url":"https:\/\/salija.lt\/wp-content\/uploads\/2022\/02\/7662d33490531be82a2dce3f13db998c.jpg","type":"image\/jpeg"}],"author":"admin","twitter_card":"summary_large_image","twitter_misc":{"Written by":"admin","Est. reading time":"1 minut\u0117"},"schema":{"@context":"https:\/\/schema.org","@graph":[{"@type":"WebPage","@id":"https:\/\/salija.lt\/lt\/uzsakymu-yra-o-zaliava-keliauja-i-vakarus\/","url":"https:\/\/salija.lt\/lt\/uzsakymu-yra-o-zaliava-keliauja-i-vakarus\/","name":"U\u017esakym\u0173 yra, o \u017ealiava keliauja \u012f Vakarus - Salija","isPartOf":{"@id":"https:\/\/salija.lt\/lt\/#website"},"datePublished":"2010-07-21T21:00:00+00:00","dateModified":"2022-02-21T03:12:15+00:00","author":{"@id":"https:\/\/salija.lt\/lt\/#\/schema\/person\/77d27e36be0fd753fa450336d1d261c3"},"description":"U\u017esakym\u0173 yra, o \u017ealiava keliauja \u012f Vakarus","breadcrumb":{"@id":"https:\/\/salija.lt\/lt\/uzsakymu-yra-o-zaliava-keliauja-i-vakarus\/#breadcrumb"},"inLanguage":"lt-LT","potentialAction":[{"@type":"ReadAction","target":["https:\/\/salija.lt\/lt\/uzsakymu-yra-o-zaliava-keliauja-i-vakarus\/"]}]},{"@type":"BreadcrumbList","@id":"https:\/\/salija.lt\/lt\/uzsakymu-yra-o-zaliava-keliauja-i-vakarus\/#breadcrumb","itemListElement":[{"@type":"ListItem","position":1,"name":"Home","item":"https:\/\/salija.lt\/lt\/"},{"@type":"ListItem","position":2,"name":"U\u017esakym\u0173 yra, o \u017ealiava keliauja \u012f Vakarus"}]},{"@type":"WebSite","@id":"https:\/\/salija.lt\/lt\/#website","url":"https:\/\/salija.lt\/lt\/","name":"Salija","description":"","potentialAction":[{"@type":"SearchAction","target":{"@type":"EntryPoint","urlTemplate":"https:\/\/salija.lt\/lt\/?s={search_term_string}"},"query-input":"required name=search_term_string"}],"inLanguage":"lt-LT"},{"@type":"Person","@id":"https:\/\/salija.lt\/lt\/#\/schema\/person\/77d27e36be0fd753fa450336d1d261c3","name":"admin","image":{"@type":"ImageObject","inLanguage":"lt-LT","@id":"https:\/\/salija.lt\/lt\/#\/schema\/person\/image\/","url":"https:\/\/secure.gravatar.com\/avatar\/c1c8ab264a34197909a0fa0e7bc88db5?s=96&d=mm&r=g","contentUrl":"https:\/\/secure.gravatar.com\/avatar\/c1c8ab264a34197909a0fa0e7bc88db5?s=96&d=mm&r=g","caption":"admin"},"url":"https:\/\/salija.lt\/lt\/author\/admin\/"}]}},"_links":{"self":[{"href":"https:\/\/salija.lt\/lt\/wp-json\/wp\/v2\/posts\/6021"}],"collection":[{"href":"https:\/\/salija.lt\/lt\/wp-json\/wp\/v2\/posts"}],"about":[{"href":"https:\/\/salija.lt\/lt\/wp-json\/wp\/v2\/types\/post"}],"author":[{"embeddable":true,"href":"https:\/\/salija.lt\/lt\/wp-json\/wp\/v2\/users\/1"}],"replies":[{"embeddable":true,"href":"https:\/\/salija.lt\/lt\/wp-json\/wp\/v2\/comments?post=6021"}],"version-history":[{"count":2,"href":"https:\/\/salija.lt\/lt\/wp-json\/wp\/v2\/posts\/6021\/revisions"}],"predecessor-version":[{"id":15600,"href":"https:\/\/salija.lt\/lt\/wp-json\/wp\/v2\/posts\/6021\/revisions\/15600"}],"wp:featuredmedia":[{"embeddable":true,"href":"https:\/\/salija.lt\/lt\/wp-json\/wp\/v2\/media\/14944"}],"wp:attachment":[{"href":"https:\/\/salija.lt\/lt\/wp-json\/wp\/v2\/media?parent=6021"}],"wp:term":[{"taxonomy":"category","embeddable":true,"href":"https:\/\/salija.lt\/lt\/wp-json\/wp\/v2\/categories?post=6021"},{"taxonomy":"post_tag","embeddable":true,"href":"https:\/\/salija.lt\/lt\/wp-json\/wp\/v2\/tags?post=6021"}],"curies":[{"name":"wp","href":"https:\/\/api.w.org\/{rel}","templated":true}]}}