{"id":6016,"date":"2010-07-07T00:00:00","date_gmt":"2010-07-06T21:00:00","guid":{"rendered":"https:\/\/salija.lt\/asociacijai-lietuvos-mediena-vadovaus-g-pangonis\/"},"modified":"2022-02-21T05:12:15","modified_gmt":"2022-02-21T03:12:15","slug":"asociacijai-lietuvos-mediena-vadovaus-g-pangonis","status":"publish","type":"post","link":"https:\/\/salija.lt\/lt\/asociacijai-lietuvos-mediena-vadovaus-g-pangonis\/","title":{"rendered":"Asociacijai \u201eLietuvos mediena\u201c vadovaus G.Pangonis"},"content":{"rendered":"\n<figure class=\"wp-block-image\"><img decoding=\"async\" src=\"http:\/\/salija.lt\/wp-content\/uploads\/2022\/02\/c5e32931820d33630a6beb06224b1b7f.jpg\" alt=\" title=\"\/><\/figure>\n\n\n\n<p>Asociacijos \u201eLietuvos mediena\u201c naujos kadencijos valdyba per pirm\u0105j\u012f pos\u0117d\u012f savo pirmininku ir asociacijos prezidentu dvejiems metams vienbalsiai i\u0161rinko bendrov\u0117s \u201eGrigi\u0161k\u0117s\u201c valdybos pirminink\u0105 ir generalin\u012f direktori\u0173 Gintaut\u0105 Pangon\u012f, informuoja asociacija.<br>Dvi kadencijas \u2013 nuo 2006 m. rugs\u0117jo iki 2010 m. gegu\u017e\u0117s \u2013 \u201eLietuvos medienos\u201c valdybos pirmininko ir prezidento pareigas \u0117jo Sigitas Paulauskas.<br>\u201eVienas pagrindini\u0173 asociacijos \u0161iandienos u\u017edavini\u0173 \u2013 intensyvinti medienos pramon\u0117s klasterizacijos proces\u0105, siekti, kad jame aktyviai dalyvaut\u0173 ne tik stambios, bet ir ma\u017eesn\u0117s \u012fmon\u0117s, ir taip efektyvinti klasteri\u0173 veikl\u0105, u\u017etikrinant naud\u0105 visiems j\u0173 nariams\u201c, \u2013 sako G. Pangonis.<br>Anot naujojo \u201eLietuvos medienos\u201c prezidento, bus intensyvinama veikla, siekiant \u012f asociacijos veikl\u0105 \u012ftraukti daugiau smulkesni\u0173 \u012fmoni\u0173 ir garantuoti kuo palankesnes veiklos s\u0105lygas \u0161iai senas tradicijas turin\u010diai Lietuvos pramon\u0117s \u0161akai, sukurian\u010diai reik\u0161ming\u0105 \u0161alies bendrojo vidaus produkto dal\u012f.<\/p>\n\n\n\n<p>Informacijos \u0161altinis:&nbsp;<a target=\"_blank\" href=\"http:\/\/www.delfi.lt\/\" rel=\"noreferrer noopener\">www.delfi.lt<\/a><\/p>\n","protected":false},"excerpt":{"rendered":"<p>Asociacijos \u201eLietuvos mediena\u201c naujos kadencijos valdyba per pirm\u0105j\u012f pos\u0117d\u012f savo pirmininku ir asociacijos prezidentu dvejiems metams vienbalsiai i\u0161rinko bendrov\u0117s \u201eGrigi\u0161k\u0117s\u201c valdybos pirminink\u0105 ir generalin\u012f direktori\u0173 Gintaut\u0105 Pangon\u012f, informuoja asociacija.Dvi kadencijas \u2013 nuo 2006 m. rugs\u0117jo iki 2010 m. gegu\u017e\u0117s \u2013 \u201eLietuvos medienos\u201c valdybos pirmininko ir prezidento pareigas \u0117jo Sigitas Paulauskas.\u201eVienas pagrindini\u0173 asociacijos \u0161iandienos u\u017edavini\u0173 \u2013 [&hellip;]<\/p>\n","protected":false},"author":1,"featured_media":14933,"comment_status":"closed","ping_status":"open","sticky":false,"template":"","format":"standard","meta":{"footnotes":""},"categories":[71],"tags":[],"yoast_head":"<!-- This site is optimized with the Yoast SEO plugin v20.13 - https:\/\/yoast.com\/wordpress\/plugins\/seo\/ -->\n<title>Asociacijai \u201eLietuvos mediena\u201c vadovaus G.Pangonis - Salija<\/title>\n<meta name=\"description\" content=\"Asociacijai \u201eLietuvos mediena\u201c vadovaus G.Pangonis\" \/>\n<meta name=\"robots\" content=\"index, follow, max-snippet:-1, max-image-preview:large, max-video-preview:-1\" \/>\n<link rel=\"canonical\" href=\"https:\/\/salija.lt\/lt\/asociacijai-lietuvos-mediena-vadovaus-g-pangonis\/\" \/>\n<meta property=\"og:locale\" content=\"lt_LT\" \/>\n<meta property=\"og:type\" content=\"article\" \/>\n<meta property=\"og:title\" content=\"Asociacijai \u201eLietuvos mediena\u201c vadovaus G.Pangonis - Salija\" \/>\n<meta property=\"og:description\" content=\"Asociacijai \u201eLietuvos mediena\u201c vadovaus G.Pangonis\" \/>\n<meta property=\"og:url\" content=\"https:\/\/salija.lt\/lt\/asociacijai-lietuvos-mediena-vadovaus-g-pangonis\/\" \/>\n<meta property=\"og:site_name\" content=\"Salija\" \/>\n<meta property=\"article:published_time\" content=\"2010-07-06T21:00:00+00:00\" \/>\n<meta property=\"article:modified_time\" content=\"2022-02-21T03:12:15+00:00\" \/>\n<meta property=\"og:image\" content=\"https:\/\/salija.lt\/wp-content\/uploads\/2022\/02\/c5e32931820d33630a6beb06224b1b7f.jpg\" \/>\n\t<meta property=\"og:image:width\" content=\"165\" \/>\n\t<meta property=\"og:image:height\" content=\"110\" \/>\n\t<meta property=\"og:image:type\" content=\"image\/jpeg\" \/>\n<meta name=\"author\" content=\"admin\" \/>\n<meta name=\"twitter:card\" content=\"summary_large_image\" \/>\n<meta name=\"twitter:label1\" content=\"Written by\" \/>\n\t<meta name=\"twitter:data1\" content=\"admin\" \/>\n\t<meta name=\"twitter:label2\" content=\"Est. reading time\" \/>\n\t<meta name=\"twitter:data2\" content=\"1 minut\u0117\" \/>\n<script type=\"application\/ld+json\" class=\"yoast-schema-graph\">{\"@context\":\"https:\/\/schema.org\",\"@graph\":[{\"@type\":\"WebPage\",\"@id\":\"https:\/\/salija.lt\/lt\/asociacijai-lietuvos-mediena-vadovaus-g-pangonis\/\",\"url\":\"https:\/\/salija.lt\/lt\/asociacijai-lietuvos-mediena-vadovaus-g-pangonis\/\",\"name\":\"Asociacijai \u201eLietuvos mediena\u201c vadovaus G.Pangonis - Salija\",\"isPartOf\":{\"@id\":\"https:\/\/salija.lt\/lt\/#website\"},\"datePublished\":\"2010-07-06T21:00:00+00:00\",\"dateModified\":\"2022-02-21T03:12:15+00:00\",\"author\":{\"@id\":\"https:\/\/salija.lt\/lt\/#\/schema\/person\/77d27e36be0fd753fa450336d1d261c3\"},\"description\":\"Asociacijai \u201eLietuvos mediena\u201c vadovaus G.Pangonis\",\"breadcrumb\":{\"@id\":\"https:\/\/salija.lt\/lt\/asociacijai-lietuvos-mediena-vadovaus-g-pangonis\/#breadcrumb\"},\"inLanguage\":\"lt-LT\",\"potentialAction\":[{\"@type\":\"ReadAction\",\"target\":[\"https:\/\/salija.lt\/lt\/asociacijai-lietuvos-mediena-vadovaus-g-pangonis\/\"]}]},{\"@type\":\"BreadcrumbList\",\"@id\":\"https:\/\/salija.lt\/lt\/asociacijai-lietuvos-mediena-vadovaus-g-pangonis\/#breadcrumb\",\"itemListElement\":[{\"@type\":\"ListItem\",\"position\":1,\"name\":\"Home\",\"item\":\"https:\/\/salija.lt\/lt\/\"},{\"@type\":\"ListItem\",\"position\":2,\"name\":\"Asociacijai \u201eLietuvos mediena\u201c vadovaus G.Pangonis\"}]},{\"@type\":\"WebSite\",\"@id\":\"https:\/\/salija.lt\/lt\/#website\",\"url\":\"https:\/\/salija.lt\/lt\/\",\"name\":\"Salija\",\"description\":\"\",\"potentialAction\":[{\"@type\":\"SearchAction\",\"target\":{\"@type\":\"EntryPoint\",\"urlTemplate\":\"https:\/\/salija.lt\/lt\/?s={search_term_string}\"},\"query-input\":\"required name=search_term_string\"}],\"inLanguage\":\"lt-LT\"},{\"@type\":\"Person\",\"@id\":\"https:\/\/salija.lt\/lt\/#\/schema\/person\/77d27e36be0fd753fa450336d1d261c3\",\"name\":\"admin\",\"image\":{\"@type\":\"ImageObject\",\"inLanguage\":\"lt-LT\",\"@id\":\"https:\/\/salija.lt\/lt\/#\/schema\/person\/image\/\",\"url\":\"https:\/\/secure.gravatar.com\/avatar\/c1c8ab264a34197909a0fa0e7bc88db5?s=96&d=mm&r=g\",\"contentUrl\":\"https:\/\/secure.gravatar.com\/avatar\/c1c8ab264a34197909a0fa0e7bc88db5?s=96&d=mm&r=g\",\"caption\":\"admin\"},\"url\":\"https:\/\/salija.lt\/lt\/author\/admin\/\"}]}<\/script>\n<!-- \/ Yoast SEO plugin. -->","yoast_head_json":{"title":"Asociacijai \u201eLietuvos mediena\u201c vadovaus G.Pangonis - Salija","description":"Asociacijai \u201eLietuvos mediena\u201c vadovaus G.Pangonis","robots":{"index":"index","follow":"follow","max-snippet":"max-snippet:-1","max-image-preview":"max-image-preview:large","max-video-preview":"max-video-preview:-1"},"canonical":"https:\/\/salija.lt\/lt\/asociacijai-lietuvos-mediena-vadovaus-g-pangonis\/","og_locale":"lt_LT","og_type":"article","og_title":"Asociacijai \u201eLietuvos mediena\u201c vadovaus G.Pangonis - Salija","og_description":"Asociacijai \u201eLietuvos mediena\u201c vadovaus G.Pangonis","og_url":"https:\/\/salija.lt\/lt\/asociacijai-lietuvos-mediena-vadovaus-g-pangonis\/","og_site_name":"Salija","article_published_time":"2010-07-06T21:00:00+00:00","article_modified_time":"2022-02-21T03:12:15+00:00","og_image":[{"width":165,"height":110,"url":"https:\/\/salija.lt\/wp-content\/uploads\/2022\/02\/c5e32931820d33630a6beb06224b1b7f.jpg","type":"image\/jpeg"}],"author":"admin","twitter_card":"summary_large_image","twitter_misc":{"Written by":"admin","Est. reading time":"1 minut\u0117"},"schema":{"@context":"https:\/\/schema.org","@graph":[{"@type":"WebPage","@id":"https:\/\/salija.lt\/lt\/asociacijai-lietuvos-mediena-vadovaus-g-pangonis\/","url":"https:\/\/salija.lt\/lt\/asociacijai-lietuvos-mediena-vadovaus-g-pangonis\/","name":"Asociacijai \u201eLietuvos mediena\u201c vadovaus G.Pangonis - Salija","isPartOf":{"@id":"https:\/\/salija.lt\/lt\/#website"},"datePublished":"2010-07-06T21:00:00+00:00","dateModified":"2022-02-21T03:12:15+00:00","author":{"@id":"https:\/\/salija.lt\/lt\/#\/schema\/person\/77d27e36be0fd753fa450336d1d261c3"},"description":"Asociacijai \u201eLietuvos mediena\u201c vadovaus G.Pangonis","breadcrumb":{"@id":"https:\/\/salija.lt\/lt\/asociacijai-lietuvos-mediena-vadovaus-g-pangonis\/#breadcrumb"},"inLanguage":"lt-LT","potentialAction":[{"@type":"ReadAction","target":["https:\/\/salija.lt\/lt\/asociacijai-lietuvos-mediena-vadovaus-g-pangonis\/"]}]},{"@type":"BreadcrumbList","@id":"https:\/\/salija.lt\/lt\/asociacijai-lietuvos-mediena-vadovaus-g-pangonis\/#breadcrumb","itemListElement":[{"@type":"ListItem","position":1,"name":"Home","item":"https:\/\/salija.lt\/lt\/"},{"@type":"ListItem","position":2,"name":"Asociacijai \u201eLietuvos mediena\u201c vadovaus G.Pangonis"}]},{"@type":"WebSite","@id":"https:\/\/salija.lt\/lt\/#website","url":"https:\/\/salija.lt\/lt\/","name":"Salija","description":"","potentialAction":[{"@type":"SearchAction","target":{"@type":"EntryPoint","urlTemplate":"https:\/\/salija.lt\/lt\/?s={search_term_string}"},"query-input":"required name=search_term_string"}],"inLanguage":"lt-LT"},{"@type":"Person","@id":"https:\/\/salija.lt\/lt\/#\/schema\/person\/77d27e36be0fd753fa450336d1d261c3","name":"admin","image":{"@type":"ImageObject","inLanguage":"lt-LT","@id":"https:\/\/salija.lt\/lt\/#\/schema\/person\/image\/","url":"https:\/\/secure.gravatar.com\/avatar\/c1c8ab264a34197909a0fa0e7bc88db5?s=96&d=mm&r=g","contentUrl":"https:\/\/secure.gravatar.com\/avatar\/c1c8ab264a34197909a0fa0e7bc88db5?s=96&d=mm&r=g","caption":"admin"},"url":"https:\/\/salija.lt\/lt\/author\/admin\/"}]}},"_links":{"self":[{"href":"https:\/\/salija.lt\/lt\/wp-json\/wp\/v2\/posts\/6016"}],"collection":[{"href":"https:\/\/salija.lt\/lt\/wp-json\/wp\/v2\/posts"}],"about":[{"href":"https:\/\/salija.lt\/lt\/wp-json\/wp\/v2\/types\/post"}],"author":[{"embeddable":true,"href":"https:\/\/salija.lt\/lt\/wp-json\/wp\/v2\/users\/1"}],"replies":[{"embeddable":true,"href":"https:\/\/salija.lt\/lt\/wp-json\/wp\/v2\/comments?post=6016"}],"version-history":[{"count":2,"href":"https:\/\/salija.lt\/lt\/wp-json\/wp\/v2\/posts\/6016\/revisions"}],"predecessor-version":[{"id":15605,"href":"https:\/\/salija.lt\/lt\/wp-json\/wp\/v2\/posts\/6016\/revisions\/15605"}],"wp:featuredmedia":[{"embeddable":true,"href":"https:\/\/salija.lt\/lt\/wp-json\/wp\/v2\/media\/14933"}],"wp:attachment":[{"href":"https:\/\/salija.lt\/lt\/wp-json\/wp\/v2\/media?parent=6016"}],"wp:term":[{"taxonomy":"category","embeddable":true,"href":"https:\/\/salija.lt\/lt\/wp-json\/wp\/v2\/categories?post=6016"},{"taxonomy":"post_tag","embeddable":true,"href":"https:\/\/salija.lt\/lt\/wp-json\/wp\/v2\/tags?post=6016"}],"curies":[{"name":"wp","href":"https:\/\/api.w.org\/{rel}","templated":true}]}}