{"id":5910,"date":"2009-09-24T00:00:00","date_gmt":"2009-09-23T21:00:00","guid":{"rendered":"https:\/\/salija.lt\/baldininkai-mano-pasieke-dugna\/"},"modified":"2022-02-21T05:12:18","modified_gmt":"2022-02-21T03:12:18","slug":"baldininkai-mano-pasieke-dugna","status":"publish","type":"post","link":"https:\/\/salija.lt\/lt\/baldininkai-mano-pasieke-dugna\/","title":{"rendered":"Baldininkai mano pasiek\u0119 dugn\u0105"},"content":{"rendered":"\n<figure class=\"wp-block-image\"><img decoding=\"async\" src=\"http:\/\/salija.lt\/wp-content\/uploads\/2022\/02\/621b44c8ea813975ab7e0748227a2317.jpg\" alt=\" title=\"\/><\/figure>\n\n\n\n<p>Lietuvos medienos, popieriaus ir bald\u0173 produkcijos pardavimo kreiv\u0117 pastaruoju metu nustojo kritusi. Teigiamas tendencijas \u012f\u017evelgiantys baldininkai link\u0119 manyti, kad j\u0173 sektoriuje dugnas jau pasiektas.<br>Apie 70% \u012fvairios Kretingos rajone gaminamos medienos produkcijos eksportuojanti UAB \u201eP. Varkojis ir Ko\u201c teigia, jog b\u016bt\u0173 buv\u0119 riesta, jei ne Vokietijos ir Skandinavijos \u0161ali\u0173 klientai. \u0160iemet apie 30% ma\u017eesn\u0119<br>apyvart\u0105 skai\u010diuojanti \u012fmon\u0117 kit\u0105met prognozuoja kilim\u0105.<br>\u201eManau, ateinantys metai bus geresni nei \u0161i\u0173 met\u0173 paskutiniai m\u0117nesiai. Tai sp\u0117ti leid\u017eia klient\u0173 signalai d\u0117l u\u017esakym\u0173, Skandinavijos \u0161alyse jau jau\u010diamas atsigavimas. Nuo baland\u017eio ir mes jau\u010diame pakilim\u0105\u201c, \u2013<br>teigia J\u016brat\u0117 Varkojien\u0117, UAB \u201eP. Varkojis ir Ko\u201c komercijos direktor\u0117.<br>Ji neslepia, kad i\u0161 oland\u0173 kitiems metams jau yra gautas 4.000 medini\u0173 sodo nameli\u0173 u\u017esakymas, didesni\u0173 lov\u0173 partij\u0173 pageidaus ir vokie\u010diai. Tad, anot p. Varkojien\u0117s, \u017eiem\u0105, kai paprastai suma\u017e\u0117ja darbo, nebereik\u0117s<br>galvoti, k\u0105 daryti su darbuotojais.<br>Laiku optimizavusi veikl\u0105 ir u\u017e 0,6 mln. Lt \u012fsigijusi naujas stor\u0173 lang\u0173 gamybos stakles ir taip padidinusi darbo na\u0161um\u0105, \u012fmon\u0117 atleido vos kelet\u0105 \u017emoni\u0173.<br>\u201ePalyginus \u0161i\u0173 met\u0173 pirmojo pusme\u010dio pirm\u0105j\u012f ir antr\u0105j\u012f ketvir\u010dius jau matyti, kad yra, nors ir ne\u017eymus, ta\u010diau did\u0117jimas. Tai yra teigiamas signalas, jis leid\u017eia atsargiai sp\u0117ti apie galim\u0105 atsigavim\u0105. Ai\u0161ku,<br>pagal pardavimus tebesame 2005 met\u0173 lygyje, bet svarbiausia, kad kritimas sustojo, tad, manau, kad baldininkai dugn\u0105 yra pasiek\u0119\u201c, \u2013 Klaip\u0117doje prasid\u0117jusioje b\u016bsto \u012frengimo ir bald\u0173 parodoje \u201eMoNa\u201c teig\u0117<br>Raimundas Beinortas, asociacijos \u201eLietuvos mediena\u201c direktorius.<br>Anot jo, pirmiausia i\u0161liko ir atsitiesia tos \u012fmon\u0117s, kurios produkcij\u0105 gamina stambiems bald\u0173 prekybos tinklams, tai yra dirban\u010dios su koncernu IKEA, ir bendrov\u0117s, sugeb\u0117jusios persiorientuoti, radusios nauj\u0173<br>prekybos ni\u0161\u0173.<br>\u201eDalis \u012fmoni\u0173 i\u0161nyko i\u0161 verslo \u017eem\u0117lapio, bet tos, kurioms pavyko i\u0161silaikyti iki \u0161iol, manau, sugeb\u0117s i\u0161saugoti i\u0161sikovotas rinkas\u201c, \u2013 \u012fsitikin\u0119s p. Beinortas.<\/p>\n\n\n\n<p>Informacijos \u0161altinis:&nbsp;<a target=\"_blank\" href=\"http:\/\/www.vz.lt\/\" rel=\"noreferrer noopener\">www.vz.lt<\/a>,&nbsp;<a target=\"_blank\" href=\"http:\/\/www.bns.lt\/\" rel=\"noreferrer noopener\">BNS<\/a><\/p>\n","protected":false},"excerpt":{"rendered":"<p>Lietuvos medienos, popieriaus ir bald\u0173 produkcijos pardavimo kreiv\u0117 pastaruoju metu nustojo kritusi. Teigiamas tendencijas \u012f\u017evelgiantys baldininkai link\u0119 manyti, kad j\u0173 sektoriuje dugnas jau pasiektas.Apie 70% \u012fvairios Kretingos rajone gaminamos medienos produkcijos eksportuojanti UAB \u201eP. Varkojis ir Ko\u201c teigia, jog b\u016bt\u0173 buv\u0119 riesta, jei ne Vokietijos ir Skandinavijos \u0161ali\u0173 klientai. \u0160iemet apie 30% ma\u017eesn\u0119apyvart\u0105 skai\u010diuojanti \u012fmon\u0117 [&hellip;]<\/p>\n","protected":false},"author":1,"featured_media":14708,"comment_status":"closed","ping_status":"open","sticky":false,"template":"","format":"standard","meta":{"footnotes":""},"categories":[71],"tags":[],"yoast_head":"<!-- This site is optimized with the Yoast SEO plugin v20.13 - https:\/\/yoast.com\/wordpress\/plugins\/seo\/ -->\n<title>Baldininkai mano pasiek\u0119 dugn\u0105 - Salija<\/title>\n<meta name=\"description\" content=\"Baldininkai mano pasiek\u0119 dugn\u0105\" \/>\n<meta name=\"robots\" content=\"index, follow, max-snippet:-1, max-image-preview:large, max-video-preview:-1\" \/>\n<link rel=\"canonical\" href=\"https:\/\/salija.lt\/lt\/baldininkai-mano-pasieke-dugna\/\" \/>\n<meta property=\"og:locale\" content=\"lt_LT\" \/>\n<meta property=\"og:type\" content=\"article\" \/>\n<meta property=\"og:title\" content=\"Baldininkai mano pasiek\u0119 dugn\u0105 - Salija\" \/>\n<meta property=\"og:description\" content=\"Baldininkai mano pasiek\u0119 dugn\u0105\" \/>\n<meta property=\"og:url\" content=\"https:\/\/salija.lt\/lt\/baldininkai-mano-pasieke-dugna\/\" \/>\n<meta property=\"og:site_name\" content=\"Salija\" \/>\n<meta property=\"article:published_time\" content=\"2009-09-23T21:00:00+00:00\" \/>\n<meta property=\"article:modified_time\" content=\"2022-02-21T03:12:18+00:00\" \/>\n<meta property=\"og:image\" content=\"https:\/\/salija.lt\/wp-content\/uploads\/2022\/02\/621b44c8ea813975ab7e0748227a2317.jpg\" \/>\n\t<meta property=\"og:image:width\" content=\"165\" \/>\n\t<meta property=\"og:image:height\" content=\"110\" \/>\n\t<meta property=\"og:image:type\" content=\"image\/jpeg\" \/>\n<meta name=\"author\" content=\"admin\" \/>\n<meta name=\"twitter:card\" content=\"summary_large_image\" \/>\n<meta name=\"twitter:label1\" content=\"Written by\" \/>\n\t<meta name=\"twitter:data1\" content=\"admin\" \/>\n\t<meta name=\"twitter:label2\" content=\"Est. reading time\" \/>\n\t<meta name=\"twitter:data2\" content=\"2 minut\u0117s\" \/>\n<script type=\"application\/ld+json\" class=\"yoast-schema-graph\">{\"@context\":\"https:\/\/schema.org\",\"@graph\":[{\"@type\":\"WebPage\",\"@id\":\"https:\/\/salija.lt\/lt\/baldininkai-mano-pasieke-dugna\/\",\"url\":\"https:\/\/salija.lt\/lt\/baldininkai-mano-pasieke-dugna\/\",\"name\":\"Baldininkai mano pasiek\u0119 dugn\u0105 - Salija\",\"isPartOf\":{\"@id\":\"https:\/\/salija.lt\/lt\/#website\"},\"datePublished\":\"2009-09-23T21:00:00+00:00\",\"dateModified\":\"2022-02-21T03:12:18+00:00\",\"author\":{\"@id\":\"https:\/\/salija.lt\/lt\/#\/schema\/person\/77d27e36be0fd753fa450336d1d261c3\"},\"description\":\"Baldininkai mano pasiek\u0119 dugn\u0105\",\"breadcrumb\":{\"@id\":\"https:\/\/salija.lt\/lt\/baldininkai-mano-pasieke-dugna\/#breadcrumb\"},\"inLanguage\":\"lt-LT\",\"potentialAction\":[{\"@type\":\"ReadAction\",\"target\":[\"https:\/\/salija.lt\/lt\/baldininkai-mano-pasieke-dugna\/\"]}]},{\"@type\":\"BreadcrumbList\",\"@id\":\"https:\/\/salija.lt\/lt\/baldininkai-mano-pasieke-dugna\/#breadcrumb\",\"itemListElement\":[{\"@type\":\"ListItem\",\"position\":1,\"name\":\"Home\",\"item\":\"https:\/\/salija.lt\/lt\/\"},{\"@type\":\"ListItem\",\"position\":2,\"name\":\"Baldininkai mano pasiek\u0119 dugn\u0105\"}]},{\"@type\":\"WebSite\",\"@id\":\"https:\/\/salija.lt\/lt\/#website\",\"url\":\"https:\/\/salija.lt\/lt\/\",\"name\":\"Salija\",\"description\":\"\",\"potentialAction\":[{\"@type\":\"SearchAction\",\"target\":{\"@type\":\"EntryPoint\",\"urlTemplate\":\"https:\/\/salija.lt\/lt\/?s={search_term_string}\"},\"query-input\":\"required name=search_term_string\"}],\"inLanguage\":\"lt-LT\"},{\"@type\":\"Person\",\"@id\":\"https:\/\/salija.lt\/lt\/#\/schema\/person\/77d27e36be0fd753fa450336d1d261c3\",\"name\":\"admin\",\"image\":{\"@type\":\"ImageObject\",\"inLanguage\":\"lt-LT\",\"@id\":\"https:\/\/salija.lt\/lt\/#\/schema\/person\/image\/\",\"url\":\"https:\/\/secure.gravatar.com\/avatar\/c1c8ab264a34197909a0fa0e7bc88db5?s=96&d=mm&r=g\",\"contentUrl\":\"https:\/\/secure.gravatar.com\/avatar\/c1c8ab264a34197909a0fa0e7bc88db5?s=96&d=mm&r=g\",\"caption\":\"admin\"},\"url\":\"https:\/\/salija.lt\/lt\/author\/admin\/\"}]}<\/script>\n<!-- \/ Yoast SEO plugin. -->","yoast_head_json":{"title":"Baldininkai mano pasiek\u0119 dugn\u0105 - Salija","description":"Baldininkai mano pasiek\u0119 dugn\u0105","robots":{"index":"index","follow":"follow","max-snippet":"max-snippet:-1","max-image-preview":"max-image-preview:large","max-video-preview":"max-video-preview:-1"},"canonical":"https:\/\/salija.lt\/lt\/baldininkai-mano-pasieke-dugna\/","og_locale":"lt_LT","og_type":"article","og_title":"Baldininkai mano pasiek\u0119 dugn\u0105 - Salija","og_description":"Baldininkai mano pasiek\u0119 dugn\u0105","og_url":"https:\/\/salija.lt\/lt\/baldininkai-mano-pasieke-dugna\/","og_site_name":"Salija","article_published_time":"2009-09-23T21:00:00+00:00","article_modified_time":"2022-02-21T03:12:18+00:00","og_image":[{"width":165,"height":110,"url":"https:\/\/salija.lt\/wp-content\/uploads\/2022\/02\/621b44c8ea813975ab7e0748227a2317.jpg","type":"image\/jpeg"}],"author":"admin","twitter_card":"summary_large_image","twitter_misc":{"Written by":"admin","Est. reading time":"2 minut\u0117s"},"schema":{"@context":"https:\/\/schema.org","@graph":[{"@type":"WebPage","@id":"https:\/\/salija.lt\/lt\/baldininkai-mano-pasieke-dugna\/","url":"https:\/\/salija.lt\/lt\/baldininkai-mano-pasieke-dugna\/","name":"Baldininkai mano pasiek\u0119 dugn\u0105 - Salija","isPartOf":{"@id":"https:\/\/salija.lt\/lt\/#website"},"datePublished":"2009-09-23T21:00:00+00:00","dateModified":"2022-02-21T03:12:18+00:00","author":{"@id":"https:\/\/salija.lt\/lt\/#\/schema\/person\/77d27e36be0fd753fa450336d1d261c3"},"description":"Baldininkai mano pasiek\u0119 dugn\u0105","breadcrumb":{"@id":"https:\/\/salija.lt\/lt\/baldininkai-mano-pasieke-dugna\/#breadcrumb"},"inLanguage":"lt-LT","potentialAction":[{"@type":"ReadAction","target":["https:\/\/salija.lt\/lt\/baldininkai-mano-pasieke-dugna\/"]}]},{"@type":"BreadcrumbList","@id":"https:\/\/salija.lt\/lt\/baldininkai-mano-pasieke-dugna\/#breadcrumb","itemListElement":[{"@type":"ListItem","position":1,"name":"Home","item":"https:\/\/salija.lt\/lt\/"},{"@type":"ListItem","position":2,"name":"Baldininkai mano pasiek\u0119 dugn\u0105"}]},{"@type":"WebSite","@id":"https:\/\/salija.lt\/lt\/#website","url":"https:\/\/salija.lt\/lt\/","name":"Salija","description":"","potentialAction":[{"@type":"SearchAction","target":{"@type":"EntryPoint","urlTemplate":"https:\/\/salija.lt\/lt\/?s={search_term_string}"},"query-input":"required name=search_term_string"}],"inLanguage":"lt-LT"},{"@type":"Person","@id":"https:\/\/salija.lt\/lt\/#\/schema\/person\/77d27e36be0fd753fa450336d1d261c3","name":"admin","image":{"@type":"ImageObject","inLanguage":"lt-LT","@id":"https:\/\/salija.lt\/lt\/#\/schema\/person\/image\/","url":"https:\/\/secure.gravatar.com\/avatar\/c1c8ab264a34197909a0fa0e7bc88db5?s=96&d=mm&r=g","contentUrl":"https:\/\/secure.gravatar.com\/avatar\/c1c8ab264a34197909a0fa0e7bc88db5?s=96&d=mm&r=g","caption":"admin"},"url":"https:\/\/salija.lt\/lt\/author\/admin\/"}]}},"_links":{"self":[{"href":"https:\/\/salija.lt\/lt\/wp-json\/wp\/v2\/posts\/5910"}],"collection":[{"href":"https:\/\/salija.lt\/lt\/wp-json\/wp\/v2\/posts"}],"about":[{"href":"https:\/\/salija.lt\/lt\/wp-json\/wp\/v2\/types\/post"}],"author":[{"embeddable":true,"href":"https:\/\/salija.lt\/lt\/wp-json\/wp\/v2\/users\/1"}],"replies":[{"embeddable":true,"href":"https:\/\/salija.lt\/lt\/wp-json\/wp\/v2\/comments?post=5910"}],"version-history":[{"count":2,"href":"https:\/\/salija.lt\/lt\/wp-json\/wp\/v2\/posts\/5910\/revisions"}],"predecessor-version":[{"id":15705,"href":"https:\/\/salija.lt\/lt\/wp-json\/wp\/v2\/posts\/5910\/revisions\/15705"}],"wp:featuredmedia":[{"embeddable":true,"href":"https:\/\/salija.lt\/lt\/wp-json\/wp\/v2\/media\/14708"}],"wp:attachment":[{"href":"https:\/\/salija.lt\/lt\/wp-json\/wp\/v2\/media?parent=5910"}],"wp:term":[{"taxonomy":"category","embeddable":true,"href":"https:\/\/salija.lt\/lt\/wp-json\/wp\/v2\/categories?post=5910"},{"taxonomy":"post_tag","embeddable":true,"href":"https:\/\/salija.lt\/lt\/wp-json\/wp\/v2\/tags?post=5910"}],"curies":[{"name":"wp","href":"https:\/\/api.w.org\/{rel}","templated":true}]}}