{"id":5867,"date":"2009-05-25T00:00:00","date_gmt":"2009-05-24T21:00:00","guid":{"rendered":"https:\/\/salija.lt\/dizaino-savaites-pabaiga-arba-kada-vilnius-primena-milana\/"},"modified":"2022-02-21T05:12:20","modified_gmt":"2022-02-21T03:12:20","slug":"dizaino-savaites-pabaiga-arba-kada-vilnius-primena-milana","status":"publish","type":"post","link":"https:\/\/salija.lt\/lt\/dizaino-savaites-pabaiga-arba-kada-vilnius-primena-milana\/","title":{"rendered":"Dizaino savait\u0117s pabaiga, arba kada Vilnius primena Milan\u0105"},"content":{"rendered":"\n<figure class=\"wp-block-image\"><img decoding=\"async\" src=\"http:\/\/salija.lt\/wp-content\/uploads\/2022\/02\/0f482472bb34f0bd447473f209a14ff0.jpg\" alt=\" title=\"\/><\/figure>\n\n\n\n<p>Penktadien\u012f Vilniuje baig\u0117si ketvirtoji Dizaino savait\u0117. Kitaip nei anks\u010diau, \u0161iemet renginiai vyko ne kasmetin\u0117s parodos &#8220;Baldai&#8221; metu ir, kaip sak\u0117 organizatoriai, buvo ma\u017eiau komerciniai. Kitaip tariant, lietuvi\u0173 dizaineriai ir \u012fmon\u0117s, platinan\u010dios u\u017esienio dizaineri\u0173 k\u016brinius, ne tik pristat\u0117 savo darbus, bet lankytojus kviet\u0117 kartu praleisti laisvalaik\u012f. Dizaino savait\u0117s reng\u0117jai ir dalyviai \u0117m\u0117si misijos: supa\u017eindinti vartotojus su dizaino pasauliu.<br>&#8220;Dizaino produktai \u2013 ne maisto gaminiai, kuriuos bet kuriuo atveju pirks. Kaip dabar seksis m\u016bs\u0173 sektoriui, priklausys nuo valstyb\u0117s paramos ir pa\u010di\u0173 dizaineri\u0173 pastang\u0173&#8221;, \u2013 sako p. Dirg\u0117la. Anot jo, jaun\u0173, nepriklausom\u0173 dizaineri\u0173 entuziazmas ypa\u010d auga dabar, kai d\u0117l ekonominio nuosmukio finansinius sunkumus patiria daug bald\u0173 ir kit\u0173 pramoninio dizaino gamini\u0173 bendrovi\u0173. Dabar joms r\u016bpi ne kaip samdyti dizainerius, bet kaip i\u0161likti.<br>&#8220;Artimiausius kelerius metus tur\u0117tume organizuoti daugiau nekomercini\u0173 dizaino rengini\u0173. Jie sukurs atmosfer\u0105 ir pratins vartotojus. J\u0173 ne\u012fpareigojame i\u0161 karto pirkti, tiesiog kvie\u010diame susipa\u017einti su lietuvi\u0161ku dizainu, kuris yra geras, kokybi\u0161kas ir vertas d\u0117mesio. Kol gr\u012f\u0161 perkamoji galia, lietuvi\u0173 dizainas \u012ftvirtins ger\u0105 vard\u0105&#8221;, \u2013 svarsto pa\u0161nekovas.<\/p>\n\n\n\n<p>Daugiau nei \u012fprasta<\/p>\n\n\n\n<p>\u0160i\u0173 met\u0173 Dizaino savait\u0117 skyr\u0117si nuo ankstesni\u0173j\u0173 \u2013 tai pasteb\u0117jo \u0161i\u0173 rengini\u0173 nepraleid\u017eiantys lankytojai. Nors buvo manan\u010di\u0173, kad lankytoj\u0173 \u0161iemet ma\u017eiau, dauguma teig\u0117 prie\u0161ingai ir sak\u0117, kad pirm\u0105 kart\u0105 jaut\u0117 rengini\u0173 visum\u0105 ir bendrum\u0105. Viena svarbiausi\u0173 to prie\u017eas\u010di\u0173 \u2013 dauguma rengini\u0173 vyko vienoje vietoje, t.y. buvusi\u0173 gamykl\u0173 patalpose \u0160ev\u010denkos gatv\u0117je. Tai patogu lankytojams, nes taip jie gal\u0117jo sudalyvauti daugelyje rengini\u0173 neva\u017eiuodami \u012f kit\u0105 miesto pakra\u0161t\u012f. O dizaineriai kalb\u0117jo, kad buvusiose gamybin\u0117se patalpose rengiama Dizaino savait\u0117 primena vykstan\u010dias u\u017esienyje, pavyzd\u017eiui. Milane.<br>Dizaino savait\u0117s metu duris atv\u0117r\u0117 dizaino studijos ir salonai &#8220;Contraforma&#8221;, &#8220;LTD studio&#8221;, &#8220;Puzero&#8221;, &#8220;Daikt\u0173 vie\u0161butis&#8221;. U\u017esienio dizaineri\u0173 kolekcijas pristat\u0117 salonai &#8220;Retroforma&#8221;, &#8220;Gaudr\u0117&#8221;. Juose lankytojai gal\u0117jo susitikti ir su atvykusiais gamintoj\u0173 atstovais. Jaun\u0173j\u0173 lietuvi\u0173 dizaineri\u0173 darbus buvo galima i\u0161vysti konkurso &#8220;Neformatas&#8221; ekspozicijoje.<br>Daugiausia lankytoj\u0173 sulauk\u0117 Dizaino savait\u0117s metu rengtos parodos, kuriose dizaino objektai pristatomi beveik kaip meno k\u016briniai, o atvykusius pasitinkama su muzika. Skeptikai sako, kad srautas buv\u0119s didelis, nes vilnie\u010diams tr\u016bksta netradicini\u0173 laisvalaikio rengini\u0173. Kad ir kokia b\u016bt\u0173 tikroji prie\u017eastis, savait\u0117s organizatoriai tiksl\u0105 pasiek\u0117: publik\u0105 pritrauk\u0117.<\/p>\n\n\n\n<p>Pakeisti m\u0105stym\u0105<\/p>\n\n\n\n<p>Rengini\u0173 metu u\u017esienio sve\u010diai ir tarptautin\u0117se parodose ne kart\u0105 vie\u0161\u0117j\u0119 lietuviai kartojo: norint \u0161alyje labiau vertinti dizaino objektus, reikia sulau\u017eyti stereotip\u0105, neva jie t\u0117ra gra\u017e\u016bs daikteliai. Anot specialist\u0173, dizainas n\u0117ra vien estetika, bet ir funkcialumas. Sakoma, kad geras dizainas yra tai, kas nekrenta \u012f akis ir netrukdo. Dar daugiau: geri dizaino k\u016briniai padeda gyventi.<br>Paskutin\u0119 Dizaino savait\u0117s dien\u0105 vykusios konferencijos &#8220;Kult\u016bra visiems&#8221; (angl. &#8220;Culture for All&#8221;) prane\u0161\u0117jai pasakojo, kad geri dizaino objektai negali b\u016bti taikomi tik vienai etninei, kult\u016brinei \u017emoni\u0173 grupei. Europos aik\u0161t\u0117je surengta tarptautinio &#8220;Index&#8221; konkurso nugal\u0117toj\u0173 ekspozicija parod\u0117, kaip dizainas gali pagerinti \u017emoni\u0173 gyvenim\u0105. Kitaip tariant, konkurs\u0105 laim\u0117jusieji objektai buvo vertinami ne tik atsi\u017evelgiant \u012f form\u0105, funkcij\u0105, med\u017eiagas, spalvas ar pritaikomum\u0105, bet ir kokias problemas jie sprend\u017eia.<br>Pavyzd\u017eiui, kategorijoje &#8220;K\u016bnas&#8221; laim\u0117jo dizainer\u0117s Han Pham sukurtas dangtelis &#8220;Antivirus&#8221;. Tai \u2013 plastikinis dangtelis, kur\u012f galima u\u017ed\u0117ti ant bet kurios panaudotos skardin\u0117s. J\u012f pivirtinus gaunamas sandarus konteineris, \u012f kur\u012f pro tam skirt\u0105 angel\u0119 galima \u012fsprausti panaudotas medicinini\u0173 \u0161virk\u0161t\u0173 adatas.<br>Objekt\u0105 dizainer\u0117 suk\u016br\u0117 remdamasi sava patirtimi: b\u016bdama ma\u017ea pab\u0117g\u0117li\u0173 stovykloje panaudota adata ji u\u017esikr\u0117t\u0117 pavojingu virusu. Dabar per metus pasaulyje registruojama 16 mlrd. injekcij\u0173, daugiau negu pus\u0117 \u2013 besivystan\u010diose \u0161alyse. Adatos da\u017enai naudojamos kelis kartus ir taip gali paskleisti virusus.<br>Kategorijoje &#8220;Namai&#8221; laim\u0117jo &#8220;Saul\u0117s butelys&#8221; (angl. &#8220;Solar Bottle&#8221;), kur\u012f suk\u016br\u0117 dizaineriai i\u0161 Italijos Alberto Meda ir Francisco Gomez Paz. Plastikinis butelis sukurtas dezinfekuoti vandeniui: piln\u0105 butel\u012f tereikia 6 val. palaikyti saul\u0117kaitoje ir ultravioletini\u0173 spinduli\u0173 d\u0117ka sunaikinami pavojingi mikroorganizmai.<\/p>\n\n\n\n<p>Informacijos \u0161altinis: www.vz.lt<\/p>\n","protected":false},"excerpt":{"rendered":"<p>Penktadien\u012f Vilniuje baig\u0117si ketvirtoji Dizaino savait\u0117. Kitaip nei anks\u010diau, \u0161iemet renginiai vyko ne kasmetin\u0117s parodos &#8220;Baldai&#8221; metu ir, kaip sak\u0117 organizatoriai, buvo ma\u017eiau komerciniai. Kitaip tariant, lietuvi\u0173 dizaineriai ir \u012fmon\u0117s, platinan\u010dios u\u017esienio dizaineri\u0173 k\u016brinius, ne tik pristat\u0117 savo darbus, bet lankytojus kviet\u0117 kartu praleisti laisvalaik\u012f. Dizaino savait\u0117s reng\u0117jai ir dalyviai \u0117m\u0117si misijos: supa\u017eindinti vartotojus su [&hellip;]<\/p>\n","protected":false},"author":1,"featured_media":14590,"comment_status":"closed","ping_status":"open","sticky":false,"template":"","format":"standard","meta":{"footnotes":""},"categories":[71],"tags":[],"yoast_head":"<!-- This site is optimized with the Yoast SEO plugin v20.13 - https:\/\/yoast.com\/wordpress\/plugins\/seo\/ -->\n<title>Dizaino savait\u0117s pabaiga, arba kada Vilnius primena Milan\u0105 - Salija<\/title>\n<meta name=\"description\" content=\"Dizaino savait\u0117s pabaiga, arba kada Vilnius primena Milan\u0105\" \/>\n<meta name=\"robots\" content=\"index, follow, max-snippet:-1, max-image-preview:large, max-video-preview:-1\" \/>\n<link rel=\"canonical\" href=\"https:\/\/salija.lt\/lt\/dizaino-savaites-pabaiga-arba-kada-vilnius-primena-milana\/\" \/>\n<meta property=\"og:locale\" content=\"lt_LT\" \/>\n<meta property=\"og:type\" content=\"article\" \/>\n<meta property=\"og:title\" content=\"Dizaino savait\u0117s pabaiga, arba kada Vilnius primena Milan\u0105 - Salija\" \/>\n<meta property=\"og:description\" content=\"Dizaino savait\u0117s pabaiga, arba kada Vilnius primena Milan\u0105\" \/>\n<meta property=\"og:url\" content=\"https:\/\/salija.lt\/lt\/dizaino-savaites-pabaiga-arba-kada-vilnius-primena-milana\/\" \/>\n<meta property=\"og:site_name\" content=\"Salija\" \/>\n<meta property=\"article:published_time\" content=\"2009-05-24T21:00:00+00:00\" \/>\n<meta property=\"article:modified_time\" content=\"2022-02-21T03:12:20+00:00\" \/>\n<meta property=\"og:image\" content=\"https:\/\/salija.lt\/wp-content\/uploads\/2022\/02\/0f482472bb34f0bd447473f209a14ff0.jpg\" \/>\n\t<meta property=\"og:image:width\" content=\"165\" \/>\n\t<meta property=\"og:image:height\" content=\"110\" \/>\n\t<meta property=\"og:image:type\" content=\"image\/jpeg\" \/>\n<meta name=\"author\" content=\"admin\" \/>\n<meta name=\"twitter:card\" content=\"summary_large_image\" \/>\n<meta name=\"twitter:label1\" content=\"Written by\" \/>\n\t<meta name=\"twitter:data1\" content=\"admin\" \/>\n\t<meta name=\"twitter:label2\" content=\"Est. reading time\" \/>\n\t<meta name=\"twitter:data2\" content=\"3 minut\u0117s\" \/>\n<script type=\"application\/ld+json\" class=\"yoast-schema-graph\">{\"@context\":\"https:\/\/schema.org\",\"@graph\":[{\"@type\":\"WebPage\",\"@id\":\"https:\/\/salija.lt\/lt\/dizaino-savaites-pabaiga-arba-kada-vilnius-primena-milana\/\",\"url\":\"https:\/\/salija.lt\/lt\/dizaino-savaites-pabaiga-arba-kada-vilnius-primena-milana\/\",\"name\":\"Dizaino savait\u0117s pabaiga, arba kada Vilnius primena Milan\u0105 - Salija\",\"isPartOf\":{\"@id\":\"https:\/\/salija.lt\/lt\/#website\"},\"datePublished\":\"2009-05-24T21:00:00+00:00\",\"dateModified\":\"2022-02-21T03:12:20+00:00\",\"author\":{\"@id\":\"https:\/\/salija.lt\/lt\/#\/schema\/person\/77d27e36be0fd753fa450336d1d261c3\"},\"description\":\"Dizaino savait\u0117s pabaiga, arba kada Vilnius primena Milan\u0105\",\"breadcrumb\":{\"@id\":\"https:\/\/salija.lt\/lt\/dizaino-savaites-pabaiga-arba-kada-vilnius-primena-milana\/#breadcrumb\"},\"inLanguage\":\"lt-LT\",\"potentialAction\":[{\"@type\":\"ReadAction\",\"target\":[\"https:\/\/salija.lt\/lt\/dizaino-savaites-pabaiga-arba-kada-vilnius-primena-milana\/\"]}]},{\"@type\":\"BreadcrumbList\",\"@id\":\"https:\/\/salija.lt\/lt\/dizaino-savaites-pabaiga-arba-kada-vilnius-primena-milana\/#breadcrumb\",\"itemListElement\":[{\"@type\":\"ListItem\",\"position\":1,\"name\":\"Home\",\"item\":\"https:\/\/salija.lt\/lt\/\"},{\"@type\":\"ListItem\",\"position\":2,\"name\":\"Dizaino savait\u0117s pabaiga, arba kada Vilnius primena Milan\u0105\"}]},{\"@type\":\"WebSite\",\"@id\":\"https:\/\/salija.lt\/lt\/#website\",\"url\":\"https:\/\/salija.lt\/lt\/\",\"name\":\"Salija\",\"description\":\"\",\"potentialAction\":[{\"@type\":\"SearchAction\",\"target\":{\"@type\":\"EntryPoint\",\"urlTemplate\":\"https:\/\/salija.lt\/lt\/?s={search_term_string}\"},\"query-input\":\"required name=search_term_string\"}],\"inLanguage\":\"lt-LT\"},{\"@type\":\"Person\",\"@id\":\"https:\/\/salija.lt\/lt\/#\/schema\/person\/77d27e36be0fd753fa450336d1d261c3\",\"name\":\"admin\",\"image\":{\"@type\":\"ImageObject\",\"inLanguage\":\"lt-LT\",\"@id\":\"https:\/\/salija.lt\/lt\/#\/schema\/person\/image\/\",\"url\":\"https:\/\/secure.gravatar.com\/avatar\/c1c8ab264a34197909a0fa0e7bc88db5?s=96&d=mm&r=g\",\"contentUrl\":\"https:\/\/secure.gravatar.com\/avatar\/c1c8ab264a34197909a0fa0e7bc88db5?s=96&d=mm&r=g\",\"caption\":\"admin\"},\"url\":\"https:\/\/salija.lt\/lt\/author\/admin\/\"}]}<\/script>\n<!-- \/ Yoast SEO plugin. -->","yoast_head_json":{"title":"Dizaino savait\u0117s pabaiga, arba kada Vilnius primena Milan\u0105 - Salija","description":"Dizaino savait\u0117s pabaiga, arba kada Vilnius primena Milan\u0105","robots":{"index":"index","follow":"follow","max-snippet":"max-snippet:-1","max-image-preview":"max-image-preview:large","max-video-preview":"max-video-preview:-1"},"canonical":"https:\/\/salija.lt\/lt\/dizaino-savaites-pabaiga-arba-kada-vilnius-primena-milana\/","og_locale":"lt_LT","og_type":"article","og_title":"Dizaino savait\u0117s pabaiga, arba kada Vilnius primena Milan\u0105 - Salija","og_description":"Dizaino savait\u0117s pabaiga, arba kada Vilnius primena Milan\u0105","og_url":"https:\/\/salija.lt\/lt\/dizaino-savaites-pabaiga-arba-kada-vilnius-primena-milana\/","og_site_name":"Salija","article_published_time":"2009-05-24T21:00:00+00:00","article_modified_time":"2022-02-21T03:12:20+00:00","og_image":[{"width":165,"height":110,"url":"https:\/\/salija.lt\/wp-content\/uploads\/2022\/02\/0f482472bb34f0bd447473f209a14ff0.jpg","type":"image\/jpeg"}],"author":"admin","twitter_card":"summary_large_image","twitter_misc":{"Written by":"admin","Est. reading time":"3 minut\u0117s"},"schema":{"@context":"https:\/\/schema.org","@graph":[{"@type":"WebPage","@id":"https:\/\/salija.lt\/lt\/dizaino-savaites-pabaiga-arba-kada-vilnius-primena-milana\/","url":"https:\/\/salija.lt\/lt\/dizaino-savaites-pabaiga-arba-kada-vilnius-primena-milana\/","name":"Dizaino savait\u0117s pabaiga, arba kada Vilnius primena Milan\u0105 - Salija","isPartOf":{"@id":"https:\/\/salija.lt\/lt\/#website"},"datePublished":"2009-05-24T21:00:00+00:00","dateModified":"2022-02-21T03:12:20+00:00","author":{"@id":"https:\/\/salija.lt\/lt\/#\/schema\/person\/77d27e36be0fd753fa450336d1d261c3"},"description":"Dizaino savait\u0117s pabaiga, arba kada Vilnius primena Milan\u0105","breadcrumb":{"@id":"https:\/\/salija.lt\/lt\/dizaino-savaites-pabaiga-arba-kada-vilnius-primena-milana\/#breadcrumb"},"inLanguage":"lt-LT","potentialAction":[{"@type":"ReadAction","target":["https:\/\/salija.lt\/lt\/dizaino-savaites-pabaiga-arba-kada-vilnius-primena-milana\/"]}]},{"@type":"BreadcrumbList","@id":"https:\/\/salija.lt\/lt\/dizaino-savaites-pabaiga-arba-kada-vilnius-primena-milana\/#breadcrumb","itemListElement":[{"@type":"ListItem","position":1,"name":"Home","item":"https:\/\/salija.lt\/lt\/"},{"@type":"ListItem","position":2,"name":"Dizaino savait\u0117s pabaiga, arba kada Vilnius primena Milan\u0105"}]},{"@type":"WebSite","@id":"https:\/\/salija.lt\/lt\/#website","url":"https:\/\/salija.lt\/lt\/","name":"Salija","description":"","potentialAction":[{"@type":"SearchAction","target":{"@type":"EntryPoint","urlTemplate":"https:\/\/salija.lt\/lt\/?s={search_term_string}"},"query-input":"required name=search_term_string"}],"inLanguage":"lt-LT"},{"@type":"Person","@id":"https:\/\/salija.lt\/lt\/#\/schema\/person\/77d27e36be0fd753fa450336d1d261c3","name":"admin","image":{"@type":"ImageObject","inLanguage":"lt-LT","@id":"https:\/\/salija.lt\/lt\/#\/schema\/person\/image\/","url":"https:\/\/secure.gravatar.com\/avatar\/c1c8ab264a34197909a0fa0e7bc88db5?s=96&d=mm&r=g","contentUrl":"https:\/\/secure.gravatar.com\/avatar\/c1c8ab264a34197909a0fa0e7bc88db5?s=96&d=mm&r=g","caption":"admin"},"url":"https:\/\/salija.lt\/lt\/author\/admin\/"}]}},"_links":{"self":[{"href":"https:\/\/salija.lt\/lt\/wp-json\/wp\/v2\/posts\/5867"}],"collection":[{"href":"https:\/\/salija.lt\/lt\/wp-json\/wp\/v2\/posts"}],"about":[{"href":"https:\/\/salija.lt\/lt\/wp-json\/wp\/v2\/types\/post"}],"author":[{"embeddable":true,"href":"https:\/\/salija.lt\/lt\/wp-json\/wp\/v2\/users\/1"}],"replies":[{"embeddable":true,"href":"https:\/\/salija.lt\/lt\/wp-json\/wp\/v2\/comments?post=5867"}],"version-history":[{"count":2,"href":"https:\/\/salija.lt\/lt\/wp-json\/wp\/v2\/posts\/5867\/revisions"}],"predecessor-version":[{"id":15746,"href":"https:\/\/salija.lt\/lt\/wp-json\/wp\/v2\/posts\/5867\/revisions\/15746"}],"wp:featuredmedia":[{"embeddable":true,"href":"https:\/\/salija.lt\/lt\/wp-json\/wp\/v2\/media\/14590"}],"wp:attachment":[{"href":"https:\/\/salija.lt\/lt\/wp-json\/wp\/v2\/media?parent=5867"}],"wp:term":[{"taxonomy":"category","embeddable":true,"href":"https:\/\/salija.lt\/lt\/wp-json\/wp\/v2\/categories?post=5867"},{"taxonomy":"post_tag","embeddable":true,"href":"https:\/\/salija.lt\/lt\/wp-json\/wp\/v2\/tags?post=5867"}],"curies":[{"name":"wp","href":"https:\/\/api.w.org\/{rel}","templated":true}]}}