{"id":5854,"date":"2009-04-26T00:00:00","date_gmt":"2009-04-25T21:00:00","guid":{"rendered":"https:\/\/salija.lt\/milane-lietuviu-baldu-dizaineriu-pajegos\/"},"modified":"2022-02-21T05:12:20","modified_gmt":"2022-02-21T03:12:20","slug":"milane-lietuviu-baldu-dizaineriu-pajegos","status":"publish","type":"post","link":"https:\/\/salija.lt\/lt\/milane-lietuviu-baldu-dizaineriu-pajegos\/","title":{"rendered":"Milane \u2013 lietuvi\u0173 bald\u0173 dizaineri\u0173 paj\u0117gos"},"content":{"rendered":"\n<figure class=\"wp-block-image\"><img decoding=\"async\" src=\"http:\/\/salija.lt\/wp-content\/uploads\/2022\/02\/1fdd970f13d9307e301a121c5f7b408d.jpg\" alt=\" title=\"\/><\/figure>\n\n\n\n<p>Tre\u010diadien\u012f Milane Italija prasid\u0117jo Milano dizaino savait\u0117 ir Tarptautin\u0117 Milano bald\u0173 paroda (Salone Internazionale del Mobile, trump. &#8220;I Saloni&#8221;), tituluojama vienu trij\u0173 svarbiausi\u0173 rengini\u0173 mieste. Dalyvavimas parodoje per ekonomikos kriz\u0119 m\u0117ginantiems i\u0161gyventi dizaineriams yra ir rinkodaros priemon\u0117.<\/p>\n\n\n\n<p>Svarbiausiu renginiu \u0161i\u0105 parod\u0105 vadina ne tik bald\u0173 gamintojai ar dizaineriai, bet ir Milano gyventojai. Anot j\u0173, tiek gyvyb\u0117s, judrumo, \u012fvyki\u0173 ir, \u017einoma, tarptautinio susidom\u0117jimo miestui dovanoja nebent rugs\u0117j\u012f ir vasar\u012f vykstan\u010dios Milano mados savait\u0117s.<\/p>\n\n\n\n<p>Pirm\u0105 kart\u0105 atskir\u0105 stend\u0105 Milano dizaino savait\u0117je turi ir Lietuvos atstovai \u2013 suvienij\u0119 j\u0117gas lietuvi\u0161k\u0105 dizain\u0105 tarptautinei publikai pristato dizaino bendrov\u0117s &#8220;Contraforma&#8221;, &#8220;Vir\u016bna&#8221;, LTD, &#8220;Puzero&#8221; bei kiti lietuvi\u0173 dizaineriai.<\/p>\n\n\n\n<p><strong>Dizainas \u2013 prie\u0161nuodis<\/strong><\/p>\n\n\n\n<p>Vien\u0105 did\u017eiausi\u0173 parod\u0173 pasaulyje jos organizatoriai atidar\u0117 prane\u0161dami, kad j\u0173 organizuojama &#8220;I Saloni&#8221; \u2013 tai prie\u0161nuodis prie\u0161 ekonomin\u012f nuosmuk\u012f. \u0160\u012f jie vadina prie\u017eastimi, d\u0117l kurios nor\u0117jusi\u0173 dalyvauti parodoje buvo daugiau nei \u012fprasta. \u012e parod\u0105 nepateko, bet galimyb\u0117s dalyvauti laukia s\u0105ra\u0161e beveik 500 bendrovi\u0173. Organizatori\u0173 nuomone, paroda \u012fmon\u0117s naudojasi kaip rinkodaros priemone, taip siekia atgaivinti sektori\u0173 ekonomikos sunkme\u010diu.<\/p>\n\n\n\n<p>Parodoje dalyvauja 2.723 bendrov\u0117s, kuri\u0173 911 yra ne i\u0161 Italijos. Prognozuojama, kad iki parodos u\u017edarymo kit\u0105 savait\u0119 joje bus apsilank\u0119 ma\u017edaug 300.000 lankytoj\u0173.<\/p>\n\n\n\n<p>&#8220;I Saloni&#8221; metu visame mieste tradici\u0161kai vyksta \u012fvair\u016bs dizaino renginiai \u2013 parodos, susitikimai, pasirodymai. Atvir\u0173 dur\u0173 dienas organizuoja \u012fvairios dizaino studijos, taip pat ir \u0161i\u0105 profesij\u0105 d\u0117stan\u010dios mokyklos. Visi \u0161ie renginiai ir did\u017eiausios parodos vadinami Milano dizaino savaite.<\/p>\n\n\n\n<p><strong>Lietuvi\u0161ka lempa i\u0161 \u0161ako\u010di\u0173<\/strong><\/p>\n\n\n\n<p>\u0160iemet lietuvi\u0173 dizaino \u012fmon\u0117s pirm\u0105 kart\u0105 tur\u0117jo stend\u0105 &#8220;Zona Tortona&#8221; &#8211; madingame Milano dizaino kvartale, kuriame vyksta pagrindiniai Milano dizaino savait\u0117s renginiai. Iki \u0161iol lietuvi\u0173 dizaineriai dalyvav\u0119 tik &#8220;I Saloni&#8221; parodos padalinyje \u2013 &#8220;Salone Satellite&#8221;, kur pristatomi jauni, kylantys dizaineriai.<\/p>\n\n\n\n<p>Parodai lietuvi\u0173 dizaineriai sugalvojo koncepcij\u0105, kuri\u0105 atspindi \u0161\u016bkis &#8220;Tasty Baltics&#8221;. Jie suk\u016br\u0117 ir simbol\u012f, atstovausiant\u012f Lietuvai parodoje \u2013 \u0161viestuv\u0105 i\u0161 \u0161ako\u010dio. Anot dizaineri\u0173, keturi \u0161viestuvais paversti \u0161ako\u010diai atspindi lietuvi\u0161kas vertybes: dizainas turi b\u016bti skanus.<\/p>\n\n\n\n<p>\u201cI Salone\u201d dalyvaujan\u010dios bendrov\u0117s &#8220;Contraforma&#8221; k\u016brybos direktorius dizaineris Nauris Kalinauskas apie pirmas parodos dienas pasakoja: nors rengini\u0173 gausu, bet vietos po saule \u2013 ir d\u0117mesio \u2013 u\u017etenka visiems.<\/p>\n\n\n\n<p>Parodos dalyviai lankytojus stebina ne tik dizaineri\u0173 k\u016briniais, bet ir \u012fsp\u016bdingomis ekspozicijomis. Dizaino savait\u0117s metu vykstan\u010dios parodos \u012fsik\u016brusios netik\u0117tose erdv\u0117se \u2013 va\u017eiuojan\u010diuose autobusuose, gara\u017euose, dar\u017eovi\u0173 dar\u017eeliuose.<\/p>\n\n\n\n<p><strong>Gr\u012f\u017eta prie grynos formos<\/strong><\/p>\n\n\n\n<p>Apibendrinti parodoje pristatom\u0173 dizaino naujovi\u0173 \u012fvairov\u0119 ar tendencijas yra sunku &#8211; \u010dia matoma ir siurrealizmo, ir absurdo, o taip pat individualizmo, nat\u016bralumo. Vis d\u0117lto, p. Kalinausko \u017eod\u017eiais,&nbsp; dizaineriai gr\u012f\u017eta prie med\u017eiagos, technologij\u0173, grynos formos. Kitaip tariant, dizaino k\u016briniuose eksperimentuojama viena ar kita technologija arba nagrin\u0117jamos tam tikros med\u017eiagos savyb\u0117s, konstruojamos paprastos formos.<\/p>\n\n\n\n<p>Milano dizaino savait\u0117s metu prisistato ne tik bendrov\u0117s ar dizaineriai, bet ir pa\u010dios \u0161alys.<\/p>\n\n\n\n<p>Anot p. Kalinausko, Vokietijos, Skandinavijos \u0161ali\u0173, Ispanijos ar Austrijos stendus i\u0161vysti \u012fprasta, ta\u010diau \u0161iemet ypa\u010d suaktyv\u0117jo Azijos \u0161alys. Lankytojus stebino didel\u0117s Kinijos, Libano, Taivanio ekspozicijos. Dizainerio \u017eod\u017eiais, pana\u0161u, jog dizaino skatinimas \u0161iose valstyb\u0117se yra vienas ekonomin\u0117s politikos prioritet\u0173, dizainas net laikomas nacionaline vertybe. Nors Ryt\u0173 Europos \u0161ali\u0173 parodoje n\u0117ra daug, ta\u010diau, pavyzd\u017eiui, \u010cekija turi net 3 stendus. Lietuvi\u0173 stendas &#8211; iniciatyva, kuri\u0105 remia tik priva\u010dios \u012fmon\u0117s.<\/p>\n\n\n\n<p>Informacijos \u0161altinis:&nbsp;<a href=\"http:\/\/www.vz.lt\/\">www.vz.lt<\/a><\/p>\n","protected":false},"excerpt":{"rendered":"<p>Tre\u010diadien\u012f Milane Italija prasid\u0117jo Milano dizaino savait\u0117 ir Tarptautin\u0117 Milano bald\u0173 paroda (Salone Internazionale del Mobile, trump. &#8220;I Saloni&#8221;), tituluojama vienu trij\u0173 svarbiausi\u0173 rengini\u0173 mieste. Dalyvavimas parodoje per ekonomikos kriz\u0119 m\u0117ginantiems i\u0161gyventi dizaineriams yra ir rinkodaros priemon\u0117. Svarbiausiu renginiu \u0161i\u0105 parod\u0105 vadina ne tik bald\u0173 gamintojai ar dizaineriai, bet ir Milano gyventojai. Anot j\u0173, tiek [&hellip;]<\/p>\n","protected":false},"author":1,"featured_media":14564,"comment_status":"closed","ping_status":"open","sticky":false,"template":"","format":"standard","meta":{"footnotes":""},"categories":[71],"tags":[],"yoast_head":"<!-- This site is optimized with the Yoast SEO plugin v20.13 - https:\/\/yoast.com\/wordpress\/plugins\/seo\/ -->\n<title>Milane \u2013 lietuvi\u0173 bald\u0173 dizaineri\u0173 paj\u0117gos - Salija<\/title>\n<meta name=\"description\" content=\"Milane \u2013 lietuvi\u0173 bald\u0173 dizaineri\u0173 paj\u0117gos\" \/>\n<meta name=\"robots\" content=\"index, follow, max-snippet:-1, max-image-preview:large, max-video-preview:-1\" \/>\n<link rel=\"canonical\" href=\"https:\/\/salija.lt\/lt\/milane-lietuviu-baldu-dizaineriu-pajegos\/\" \/>\n<meta property=\"og:locale\" content=\"lt_LT\" \/>\n<meta property=\"og:type\" content=\"article\" \/>\n<meta property=\"og:title\" content=\"Milane \u2013 lietuvi\u0173 bald\u0173 dizaineri\u0173 paj\u0117gos - Salija\" \/>\n<meta property=\"og:description\" content=\"Milane \u2013 lietuvi\u0173 bald\u0173 dizaineri\u0173 paj\u0117gos\" \/>\n<meta property=\"og:url\" content=\"https:\/\/salija.lt\/lt\/milane-lietuviu-baldu-dizaineriu-pajegos\/\" \/>\n<meta property=\"og:site_name\" content=\"Salija\" \/>\n<meta property=\"article:published_time\" content=\"2009-04-25T21:00:00+00:00\" \/>\n<meta property=\"article:modified_time\" content=\"2022-02-21T03:12:20+00:00\" \/>\n<meta property=\"og:image\" content=\"https:\/\/salija.lt\/wp-content\/uploads\/2022\/02\/1fdd970f13d9307e301a121c5f7b408d.jpg\" \/>\n\t<meta property=\"og:image:width\" content=\"165\" \/>\n\t<meta property=\"og:image:height\" content=\"110\" \/>\n\t<meta property=\"og:image:type\" content=\"image\/jpeg\" \/>\n<meta name=\"author\" content=\"admin\" \/>\n<meta name=\"twitter:card\" content=\"summary_large_image\" \/>\n<meta name=\"twitter:label1\" content=\"Written by\" \/>\n\t<meta name=\"twitter:data1\" content=\"admin\" \/>\n\t<meta name=\"twitter:label2\" content=\"Est. reading time\" \/>\n\t<meta name=\"twitter:data2\" content=\"3 minut\u0117s\" \/>\n<script type=\"application\/ld+json\" class=\"yoast-schema-graph\">{\"@context\":\"https:\/\/schema.org\",\"@graph\":[{\"@type\":\"WebPage\",\"@id\":\"https:\/\/salija.lt\/lt\/milane-lietuviu-baldu-dizaineriu-pajegos\/\",\"url\":\"https:\/\/salija.lt\/lt\/milane-lietuviu-baldu-dizaineriu-pajegos\/\",\"name\":\"Milane \u2013 lietuvi\u0173 bald\u0173 dizaineri\u0173 paj\u0117gos - Salija\",\"isPartOf\":{\"@id\":\"https:\/\/salija.lt\/lt\/#website\"},\"datePublished\":\"2009-04-25T21:00:00+00:00\",\"dateModified\":\"2022-02-21T03:12:20+00:00\",\"author\":{\"@id\":\"https:\/\/salija.lt\/lt\/#\/schema\/person\/77d27e36be0fd753fa450336d1d261c3\"},\"description\":\"Milane \u2013 lietuvi\u0173 bald\u0173 dizaineri\u0173 paj\u0117gos\",\"breadcrumb\":{\"@id\":\"https:\/\/salija.lt\/lt\/milane-lietuviu-baldu-dizaineriu-pajegos\/#breadcrumb\"},\"inLanguage\":\"lt-LT\",\"potentialAction\":[{\"@type\":\"ReadAction\",\"target\":[\"https:\/\/salija.lt\/lt\/milane-lietuviu-baldu-dizaineriu-pajegos\/\"]}]},{\"@type\":\"BreadcrumbList\",\"@id\":\"https:\/\/salija.lt\/lt\/milane-lietuviu-baldu-dizaineriu-pajegos\/#breadcrumb\",\"itemListElement\":[{\"@type\":\"ListItem\",\"position\":1,\"name\":\"Home\",\"item\":\"https:\/\/salija.lt\/lt\/\"},{\"@type\":\"ListItem\",\"position\":2,\"name\":\"Milane \u2013 lietuvi\u0173 bald\u0173 dizaineri\u0173 paj\u0117gos\"}]},{\"@type\":\"WebSite\",\"@id\":\"https:\/\/salija.lt\/lt\/#website\",\"url\":\"https:\/\/salija.lt\/lt\/\",\"name\":\"Salija\",\"description\":\"\",\"potentialAction\":[{\"@type\":\"SearchAction\",\"target\":{\"@type\":\"EntryPoint\",\"urlTemplate\":\"https:\/\/salija.lt\/lt\/?s={search_term_string}\"},\"query-input\":\"required name=search_term_string\"}],\"inLanguage\":\"lt-LT\"},{\"@type\":\"Person\",\"@id\":\"https:\/\/salija.lt\/lt\/#\/schema\/person\/77d27e36be0fd753fa450336d1d261c3\",\"name\":\"admin\",\"image\":{\"@type\":\"ImageObject\",\"inLanguage\":\"lt-LT\",\"@id\":\"https:\/\/salija.lt\/lt\/#\/schema\/person\/image\/\",\"url\":\"https:\/\/secure.gravatar.com\/avatar\/c1c8ab264a34197909a0fa0e7bc88db5?s=96&d=mm&r=g\",\"contentUrl\":\"https:\/\/secure.gravatar.com\/avatar\/c1c8ab264a34197909a0fa0e7bc88db5?s=96&d=mm&r=g\",\"caption\":\"admin\"},\"url\":\"https:\/\/salija.lt\/lt\/author\/admin\/\"}]}<\/script>\n<!-- \/ Yoast SEO plugin. -->","yoast_head_json":{"title":"Milane \u2013 lietuvi\u0173 bald\u0173 dizaineri\u0173 paj\u0117gos - Salija","description":"Milane \u2013 lietuvi\u0173 bald\u0173 dizaineri\u0173 paj\u0117gos","robots":{"index":"index","follow":"follow","max-snippet":"max-snippet:-1","max-image-preview":"max-image-preview:large","max-video-preview":"max-video-preview:-1"},"canonical":"https:\/\/salija.lt\/lt\/milane-lietuviu-baldu-dizaineriu-pajegos\/","og_locale":"lt_LT","og_type":"article","og_title":"Milane \u2013 lietuvi\u0173 bald\u0173 dizaineri\u0173 paj\u0117gos - Salija","og_description":"Milane \u2013 lietuvi\u0173 bald\u0173 dizaineri\u0173 paj\u0117gos","og_url":"https:\/\/salija.lt\/lt\/milane-lietuviu-baldu-dizaineriu-pajegos\/","og_site_name":"Salija","article_published_time":"2009-04-25T21:00:00+00:00","article_modified_time":"2022-02-21T03:12:20+00:00","og_image":[{"width":165,"height":110,"url":"https:\/\/salija.lt\/wp-content\/uploads\/2022\/02\/1fdd970f13d9307e301a121c5f7b408d.jpg","type":"image\/jpeg"}],"author":"admin","twitter_card":"summary_large_image","twitter_misc":{"Written by":"admin","Est. reading time":"3 minut\u0117s"},"schema":{"@context":"https:\/\/schema.org","@graph":[{"@type":"WebPage","@id":"https:\/\/salija.lt\/lt\/milane-lietuviu-baldu-dizaineriu-pajegos\/","url":"https:\/\/salija.lt\/lt\/milane-lietuviu-baldu-dizaineriu-pajegos\/","name":"Milane \u2013 lietuvi\u0173 bald\u0173 dizaineri\u0173 paj\u0117gos - Salija","isPartOf":{"@id":"https:\/\/salija.lt\/lt\/#website"},"datePublished":"2009-04-25T21:00:00+00:00","dateModified":"2022-02-21T03:12:20+00:00","author":{"@id":"https:\/\/salija.lt\/lt\/#\/schema\/person\/77d27e36be0fd753fa450336d1d261c3"},"description":"Milane \u2013 lietuvi\u0173 bald\u0173 dizaineri\u0173 paj\u0117gos","breadcrumb":{"@id":"https:\/\/salija.lt\/lt\/milane-lietuviu-baldu-dizaineriu-pajegos\/#breadcrumb"},"inLanguage":"lt-LT","potentialAction":[{"@type":"ReadAction","target":["https:\/\/salija.lt\/lt\/milane-lietuviu-baldu-dizaineriu-pajegos\/"]}]},{"@type":"BreadcrumbList","@id":"https:\/\/salija.lt\/lt\/milane-lietuviu-baldu-dizaineriu-pajegos\/#breadcrumb","itemListElement":[{"@type":"ListItem","position":1,"name":"Home","item":"https:\/\/salija.lt\/lt\/"},{"@type":"ListItem","position":2,"name":"Milane \u2013 lietuvi\u0173 bald\u0173 dizaineri\u0173 paj\u0117gos"}]},{"@type":"WebSite","@id":"https:\/\/salija.lt\/lt\/#website","url":"https:\/\/salija.lt\/lt\/","name":"Salija","description":"","potentialAction":[{"@type":"SearchAction","target":{"@type":"EntryPoint","urlTemplate":"https:\/\/salija.lt\/lt\/?s={search_term_string}"},"query-input":"required name=search_term_string"}],"inLanguage":"lt-LT"},{"@type":"Person","@id":"https:\/\/salija.lt\/lt\/#\/schema\/person\/77d27e36be0fd753fa450336d1d261c3","name":"admin","image":{"@type":"ImageObject","inLanguage":"lt-LT","@id":"https:\/\/salija.lt\/lt\/#\/schema\/person\/image\/","url":"https:\/\/secure.gravatar.com\/avatar\/c1c8ab264a34197909a0fa0e7bc88db5?s=96&d=mm&r=g","contentUrl":"https:\/\/secure.gravatar.com\/avatar\/c1c8ab264a34197909a0fa0e7bc88db5?s=96&d=mm&r=g","caption":"admin"},"url":"https:\/\/salija.lt\/lt\/author\/admin\/"}]}},"_links":{"self":[{"href":"https:\/\/salija.lt\/lt\/wp-json\/wp\/v2\/posts\/5854"}],"collection":[{"href":"https:\/\/salija.lt\/lt\/wp-json\/wp\/v2\/posts"}],"about":[{"href":"https:\/\/salija.lt\/lt\/wp-json\/wp\/v2\/types\/post"}],"author":[{"embeddable":true,"href":"https:\/\/salija.lt\/lt\/wp-json\/wp\/v2\/users\/1"}],"replies":[{"embeddable":true,"href":"https:\/\/salija.lt\/lt\/wp-json\/wp\/v2\/comments?post=5854"}],"version-history":[{"count":2,"href":"https:\/\/salija.lt\/lt\/wp-json\/wp\/v2\/posts\/5854\/revisions"}],"predecessor-version":[{"id":15759,"href":"https:\/\/salija.lt\/lt\/wp-json\/wp\/v2\/posts\/5854\/revisions\/15759"}],"wp:featuredmedia":[{"embeddable":true,"href":"https:\/\/salija.lt\/lt\/wp-json\/wp\/v2\/media\/14564"}],"wp:attachment":[{"href":"https:\/\/salija.lt\/lt\/wp-json\/wp\/v2\/media?parent=5854"}],"wp:term":[{"taxonomy":"category","embeddable":true,"href":"https:\/\/salija.lt\/lt\/wp-json\/wp\/v2\/categories?post=5854"},{"taxonomy":"post_tag","embeddable":true,"href":"https:\/\/salija.lt\/lt\/wp-json\/wp\/v2\/tags?post=5854"}],"curies":[{"name":"wp","href":"https:\/\/api.w.org\/{rel}","templated":true}]}}